{"id":137474,"date":"2024-07-16T11:05:25","date_gmt":"2024-07-16T14:05:25","guid":{"rendered":"https:\/\/vinasfm.com\/noticias\/?p=137474"},"modified":"2024-07-18T08:28:01","modified_gmt":"2024-07-18T11:28:01","slug":"el-intendente-de-san-carlos-propuso-la-siembra-de-nubes-con-drones-como-alternativa-para-el-valle-de-uco","status":"publish","type":"post","link":"https:\/\/vinasfm.com\/noticias\/el-intendente-de-san-carlos-propuso-la-siembra-de-nubes-con-drones-como-alternativa-para-el-valle-de-uco\/","title":{"rendered":"EL INTENDENTE DE SAN CARLOS PROPUSO LA SIEMBRA DE NUBES CON DRONES COMO ALTERNATIVA PARA EL VALLE DE UCO"},"content":{"rendered":"<h4><span style=\"color: #000000;\"><strong>Tras el levantamiento de la Lucha Antigranizo por parte del Gobierno Provincial, distintos intendentes de Mendoza han propuesto diversas alternativas para proteger al sector productivo de Mendoza.<\/strong><\/span><\/h4>\n<p><span style=\"color: #000000;\">Los primeros en solicitar que se mantenga la Lucha Antigranizo fueron los mandatarios de<\/span><span style=\"color: #993300;\"><span style=\"color: #000000;\"><strong><span style=\"color: #000000;\"> San Rafae<\/span>l<\/strong><\/span><em> (Omar F\u00e9lix)<\/em><\/span> <span style=\"color: #000000;\">y <strong>General Alvear<\/strong><\/span> <span style=\"color: #993300;\"><em>(Alejandro Molero)<span style=\"color: #000000;\">.<\/span><\/em><\/span><span style=\"color: #000000;\"> En conjunto propusieron mantenerla activa en el Sur de Mendoza y fue el mismo Gobierno quien cedi\u00f3 las aviones para poder concretarlo. Hoy se contin\u00faa con el an\u00e1lisis de este proyecto, estudiando el costo que representar\u00eda para los municipios y las formas de afrontarlos.<\/span><\/p>\n<p><span style=\"color: #000000;\">Es importante mencionar que, por su geograf\u00eda, los departamentos del Valle de Uco no contaban con la <strong>Lucha Activa<\/strong> y, en su lugar, la prevenci\u00f3n se realizaba con generadores ubicados en la Precordillera. San Carlos cuenta con 11 de estos generadores, de los cuales solo funcionan 8 cuando se necesitan m\u00e1s de 40 para tener una <strong>Lucha Activa<\/strong> eficiente.<\/span><\/p>\n<p><span style=\"color: #000000;\">En dialogo con<\/span> <span style=\"color: #000080;\"><strong>FM VI\u00d1AS<\/strong><\/span> <span style=\"color: #000000;\">el Intendente sancarlino,<\/span> <span style=\"color: #993300;\"><strong>Alejandro Morillas<\/strong><\/span><span style=\"color: #000000;\">, explic\u00f3 de qu\u00e9 se trata el proyecto<strong><em>. \u201cUna empresa nos present\u00f3 esta propuesta que estamos analizando a fondo, especialmente en lo que se refiere a costos y funcionalidad\u201d<\/em><\/strong>, explic\u00f3 el Jefe Comunal y a\u00f1adi\u00f3 que <strong><em>\u201cjunto a la Sociedad Rural del Valle de Uco se est\u00e1 estudiando si es viable la siembra de nubes con drones\u201d. <\/em><\/strong><\/span><\/p>\n<p><span style=\"color: #000000;\">Morillas adelant\u00f3 que <strong><em>\u201cesta propuesta se va a presentar de manera seria al Sr. Gobernador porque ser\u00eda muy dif\u00edcil que el municipio afronte por si solo los costos del proyecto\u201d.<\/em><\/strong> En ese sentido,<\/span> <span style=\"color: #993300;\"><strong>Cornejo<\/strong><\/span> <span style=\"color: #000000;\">ya ha asegurado que <strong><em>\u201caquellos intendentes que busquen mantener la lucha activa ser\u00e1n acompa\u00f1ados por el Gobierno Provincial y se espera que presenten las propuestas formales para analizar la colaboraci\u00f3n\u201d.<\/em><\/strong><\/span><\/p>\n<p><span style=\"color: #000000;\"><strong><em>\u201cNo hemos tenido la oportunidad de mantener un di\u00e1logo con los intendentes del sur porque entendemos que son regiones totalmente distintas y el levantamiento de la Lucha Antigranizo no nos afecta de la misma forma\u201d, <\/em><\/strong>remarc\u00f3 el intendente sancarlino.<\/span><\/p>\n","protected":false},"excerpt":{"rendered":"<p>Tras el levantamiento de la Lucha Antigranizo por parte del Gobierno Provincial, distintos intendentes de Mendoza han propuesto diversas alternativas para &#8230;<\/p>\n","protected":false},"author":7,"featured_media":137488,"comment_status":"open","ping_status":"open","sticky":false,"template":"","format":"standard","meta":{"footnotes":""},"categories":[5,197],"tags":[],"class_list":["post-137474","post","type-post","status-publish","format-standard","has-post-thumbnail","hentry","category-actualidad","category-lucha-antigranizo"],"_links":{"self":[{"href":"https:\/\/vinasfm.com\/noticias\/wp-json\/wp\/v2\/posts\/137474","targetHints":{"allow":["GET"]}}],"collection":[{"href":"https:\/\/vinasfm.com\/noticias\/wp-json\/wp\/v2\/posts"}],"about":[{"href":"https:\/\/vinasfm.com\/noticias\/wp-json\/wp\/v2\/types\/post"}],"author":[{"embeddable":true,"href":"https:\/\/vinasfm.com\/noticias\/wp-json\/wp\/v2\/users\/7"}],"replies":[{"embeddable":true,"href":"https:\/\/vinasfm.com\/noticias\/wp-json\/wp\/v2\/comments?post=137474"}],"version-history":[{"count":4,"href":"https:\/\/vinasfm.com\/noticias\/wp-json\/wp\/v2\/posts\/137474\/revisions"}],"predecessor-version":[{"id":137490,"href":"https:\/\/vinasfm.com\/noticias\/wp-json\/wp\/v2\/posts\/137474\/revisions\/137490"}],"wp:featuredmedia":[{"embeddable":true,"href":"https:\/\/vinasfm.com\/noticias\/wp-json\/wp\/v2\/media\/137488"}],"wp:attachment":[{"href":"https:\/\/vinasfm.com\/noticias\/wp-json\/wp\/v2\/media?parent=137474"}],"wp:term":[{"taxonomy":"category","embeddable":true,"href":"https:\/\/vinasfm.com\/noticias\/wp-json\/wp\/v2\/categories?post=137474"},{"taxonomy":"post_tag","embeddable":true,"href":"https:\/\/vinasfm.com\/noticias\/wp-json\/wp\/v2\/tags?post=137474"}],"curies":[{"name":"wp","href":"https:\/\/api.w.org\/{rel}","templated":true}]}}