{"id":137423,"date":"2024-07-15T08:23:41","date_gmt":"2024-07-15T11:23:41","guid":{"rendered":"https:\/\/vinasfm.com\/noticias\/?p=137423"},"modified":"2024-07-16T08:22:25","modified_gmt":"2024-07-16T11:22:25","slug":"emocion-y-talento-en-el-festival-de-boxeo-en-el-polideportivo","status":"publish","type":"post","link":"https:\/\/vinasfm.com\/noticias\/emocion-y-talento-en-el-festival-de-boxeo-en-el-polideportivo\/","title":{"rendered":"EMOCI\u00d3N Y TALENTO EN EL FESTIVAL DE BOXEO EN EL POLIDEPORTIVO"},"content":{"rendered":"<h4><span style=\"color: #000000;\">Este viernes, Alvear fue testigo de un emocionante evento de boxeo que reuni\u00f3 a destacados boxeadores locales en el polideportivo Deportistas Alvearenses. La buena concurrencia de p\u00fablico y la participaci\u00f3n de los deportistas hicieron de esta velada una verdadera celebraci\u00f3n del deporte y la pasi\u00f3n por el ring.<\/span><\/h4>\n<p><span style=\"color: #000000;\">Uno de los grandes protagonistas de la noche fue Jonathan Lorca, reciente campe\u00f3n provincial, cuya destreza y determinaci\u00f3n en el cuadril\u00e1tero lo han convertido en un referente indiscutible para la comunidad local. Su actuaci\u00f3n en el evento no solo demostr\u00f3 su habilidad t\u00e9cnica, sino tambi\u00e9n su compromiso con el deporte y su dedicaci\u00f3n para alcanzar la excelencia en cada pelea.<\/span><\/p>\n<p><span style=\"color: #000000;\">El director de deportes, Alberto G\u00f3mez, no dud\u00f3 en resaltar el alto nivel de las peleas y la importancia del boxeo como una disciplina que no solo promueve la actividad f\u00edsica, sino que tambi\u00e9n contribuye a forjar el car\u00e1cter y la disciplina de los j\u00f3venes.<\/span><\/p>\n<p><a href=\"https:\/\/vinasfm.com\/noticias\/wp-content\/uploads\/2024\/07\/WhatsApp-Image-2024-07-14-at-13.00.26.jpeg\"><img loading=\"lazy\" decoding=\"async\" class=\"alignnone wp-image-137425\" src=\"https:\/\/vinasfm.com\/noticias\/wp-content\/uploads\/2024\/07\/WhatsApp-Image-2024-07-14-at-13.00.26-1024x682.jpeg\" alt=\"\" width=\"480\" height=\"320\" srcset=\"https:\/\/vinasfm.com\/noticias\/wp-content\/uploads\/2024\/07\/WhatsApp-Image-2024-07-14-at-13.00.26-1024x682.jpeg 1024w, https:\/\/vinasfm.com\/noticias\/wp-content\/uploads\/2024\/07\/WhatsApp-Image-2024-07-14-at-13.00.26-300x200.jpeg 300w, https:\/\/vinasfm.com\/noticias\/wp-content\/uploads\/2024\/07\/WhatsApp-Image-2024-07-14-at-13.00.26-768x512.jpeg 768w, https:\/\/vinasfm.com\/noticias\/wp-content\/uploads\/2024\/07\/WhatsApp-Image-2024-07-14-at-13.00.26-1536x1023.jpeg 1536w, https:\/\/vinasfm.com\/noticias\/wp-content\/uploads\/2024\/07\/WhatsApp-Image-2024-07-14-at-13.00.26.jpeg 1600w\" sizes=\"auto, (max-width: 480px) 100vw, 480px\" \/><\/a> <a href=\"https:\/\/vinasfm.com\/noticias\/wp-content\/uploads\/2024\/07\/WhatsApp-Image-2024-07-14-at-13.00.25.jpeg\"><img loading=\"lazy\" decoding=\"async\" class=\"alignnone wp-image-137426\" src=\"https:\/\/vinasfm.com\/noticias\/wp-content\/uploads\/2024\/07\/WhatsApp-Image-2024-07-14-at-13.00.25-1024x682.jpeg\" alt=\"\" width=\"480\" height=\"320\" srcset=\"https:\/\/vinasfm.com\/noticias\/wp-content\/uploads\/2024\/07\/WhatsApp-Image-2024-07-14-at-13.00.25-1024x682.jpeg 1024w, https:\/\/vinasfm.com\/noticias\/wp-content\/uploads\/2024\/07\/WhatsApp-Image-2024-07-14-at-13.00.25-300x200.jpeg 300w, https:\/\/vinasfm.com\/noticias\/wp-content\/uploads\/2024\/07\/WhatsApp-Image-2024-07-14-at-13.00.25-768x512.jpeg 768w, https:\/\/vinasfm.com\/noticias\/wp-content\/uploads\/2024\/07\/WhatsApp-Image-2024-07-14-at-13.00.25-1536x1023.jpeg 1536w, https:\/\/vinasfm.com\/noticias\/wp-content\/uploads\/2024\/07\/WhatsApp-Image-2024-07-14-at-13.00.25.jpeg 1600w\" sizes=\"auto, (max-width: 480px) 100vw, 480px\" \/><\/a><\/p>\n<p><span style=\"color: #000000;\"><em><strong>\u201cUn evento muy lindo, muy esperado. Tuvimos una muy buena concurrencia y consideramos que es un evento muy esperado por la gente de Alvear y tiene un condimento especial, ya que muchos boxeadores son de aqu\u00ed del departamento. Son parte de la Escuela de Boxeo de la Municipalidad, de la Direcci\u00f3n de Deportes. Incluso tuvimos la participaci\u00f3n de Jonathan Lorca, que hace unos d\u00edas sali\u00f3 campe\u00f3n provincial. Muy orgulloso de tenerlo a \u00e9l y obviamente de todo el resto de las peleas\u201d<\/strong><\/em>, dijo Alberto G\u00f3mez.<\/span><\/p>\n<p><span style=\"color: #000000;\">La presencia masiva del p\u00fablico en el polideportivo evidenci\u00f3 el inter\u00e9s y apoyo de la comunidad hacia este deporte, as\u00ed como el reconocimiento a los esfuerzos y logros de los boxeadores locales. Los chicos que participaron en las peleas mostraron un excelente desempe\u00f1o, llenando de orgullo a sus familias y entrenadores con su entrega y talento sobre el ring.<\/span><\/p>\n<p><span style=\"color: #000000;\"><strong><em>\u201cLa verdad es que ha sido un \u00e9xito, la gente se ha portado muy bien, ha concurrido, era la idea poder mostrar un buen espect\u00e1culo para la<\/em><\/strong> <strong><em>gente y content\u00edsimo porque los combates han sido de muy alto nivel\u201d<\/em><\/strong>, dijo Jos\u00e9 Mar\u00eda Lorca, a cargo de la escuela de boxeo Municipal.<\/span><\/p>\n<p><span style=\"color: #000000;\">Para \u00e9l, este evento de boxeo no solo fue una demostraci\u00f3n de habilidad atl\u00e9tica, destac\u00f3 la importancia del boxeo como actividad f\u00edsica y para alejar a los j\u00f3venes de las calles y las drogas. Agradeci\u00f3 el apoyo de la Direcci\u00f3n de Deportes y remarc\u00f3 en sus declaraciones la importancia de la uni\u00f3n y los valores que se comparten en el gimnasio.<\/span><\/p>\n","protected":false},"excerpt":{"rendered":"<p>Este viernes, Alvear fue testigo de un emocionante evento de boxeo que reuni\u00f3 a destacados boxeadores locales en el polideportivo Deportistas &#8230;<\/p>\n","protected":false},"author":7,"featured_media":137424,"comment_status":"open","ping_status":"open","sticky":false,"template":"","format":"standard","meta":{"footnotes":""},"categories":[5,3],"tags":[],"class_list":["post-137423","post","type-post","status-publish","format-standard","has-post-thumbnail","hentry","category-actualidad","category-deportes"],"_links":{"self":[{"href":"https:\/\/vinasfm.com\/noticias\/wp-json\/wp\/v2\/posts\/137423","targetHints":{"allow":["GET"]}}],"collection":[{"href":"https:\/\/vinasfm.com\/noticias\/wp-json\/wp\/v2\/posts"}],"about":[{"href":"https:\/\/vinasfm.com\/noticias\/wp-json\/wp\/v2\/types\/post"}],"author":[{"embeddable":true,"href":"https:\/\/vinasfm.com\/noticias\/wp-json\/wp\/v2\/users\/7"}],"replies":[{"embeddable":true,"href":"https:\/\/vinasfm.com\/noticias\/wp-json\/wp\/v2\/comments?post=137423"}],"version-history":[{"count":1,"href":"https:\/\/vinasfm.com\/noticias\/wp-json\/wp\/v2\/posts\/137423\/revisions"}],"predecessor-version":[{"id":137427,"href":"https:\/\/vinasfm.com\/noticias\/wp-json\/wp\/v2\/posts\/137423\/revisions\/137427"}],"wp:featuredmedia":[{"embeddable":true,"href":"https:\/\/vinasfm.com\/noticias\/wp-json\/wp\/v2\/media\/137424"}],"wp:attachment":[{"href":"https:\/\/vinasfm.com\/noticias\/wp-json\/wp\/v2\/media?parent=137423"}],"wp:term":[{"taxonomy":"category","embeddable":true,"href":"https:\/\/vinasfm.com\/noticias\/wp-json\/wp\/v2\/categories?post=137423"},{"taxonomy":"post_tag","embeddable":true,"href":"https:\/\/vinasfm.com\/noticias\/wp-json\/wp\/v2\/tags?post=137423"}],"curies":[{"name":"wp","href":"https:\/\/api.w.org\/{rel}","templated":true}]}}