{"id":137419,"date":"2024-07-15T08:17:05","date_gmt":"2024-07-15T11:17:05","guid":{"rendered":"https:\/\/vinasfm.com\/noticias\/?p=137419"},"modified":"2024-07-16T08:22:41","modified_gmt":"2024-07-16T11:22:41","slug":"vacaciones-de-invierno-primaverales-a-cuanto-llegaran-las-temperaturas","status":"publish","type":"post","link":"https:\/\/vinasfm.com\/noticias\/vacaciones-de-invierno-primaverales-a-cuanto-llegaran-las-temperaturas\/","title":{"rendered":"VACACIONES DE INVIERNO PRIMAVERALES, \u00bfA CU\u00c1NTO LLEGAR\u00c1N LAS TEMPERATURAS?"},"content":{"rendered":"<h4><span style=\"color: #000000;\">La ola de fr\u00edo va perdiendo intensidad, todo conduce hacia una normalizaci\u00f3n de las condiciones luego de varias semanas con temperaturas extremas.<\/span><\/h4>\n<p><span style=\"color: #000000;\">La nueva semana estar\u00e1 caracterizada por un ascenso progresivo de temperaturas, con buen tiempo gran parte de la semana h\u00e1bil pero un probable desmejoramiento hacia el final de la misma. Adem\u00e1s, se notar\u00e1 un fuerte incremento del viento norte, con r\u00e1fagas de intensidad.<\/span><\/p>\n<p><span style=\"color: #000000;\">La llegada de un frente fr\u00edo traer\u00e1 un cambio de tiempo a lo largo del viernes, con descenso de temperaturas y aumento marcado de la nubosidad y posibles precipitaciones. El s\u00e1bado pr\u00f3ximo se presentar\u00e1 con cielo con nubosidad parcial y marcado descenso de temperatura.<\/span><\/p>\n","protected":false},"excerpt":{"rendered":"<p>La ola de fr\u00edo va perdiendo intensidad, todo conduce hacia una normalizaci\u00f3n de las condiciones luego de varias semanas con temperaturas &#8230;<\/p>\n","protected":false},"author":7,"featured_media":137421,"comment_status":"open","ping_status":"open","sticky":false,"template":"","format":"standard","meta":{"footnotes":""},"categories":[5,17],"tags":[],"class_list":["post-137419","post","type-post","status-publish","format-standard","has-post-thumbnail","hentry","category-actualidad","category-clima"],"_links":{"self":[{"href":"https:\/\/vinasfm.com\/noticias\/wp-json\/wp\/v2\/posts\/137419","targetHints":{"allow":["GET"]}}],"collection":[{"href":"https:\/\/vinasfm.com\/noticias\/wp-json\/wp\/v2\/posts"}],"about":[{"href":"https:\/\/vinasfm.com\/noticias\/wp-json\/wp\/v2\/types\/post"}],"author":[{"embeddable":true,"href":"https:\/\/vinasfm.com\/noticias\/wp-json\/wp\/v2\/users\/7"}],"replies":[{"embeddable":true,"href":"https:\/\/vinasfm.com\/noticias\/wp-json\/wp\/v2\/comments?post=137419"}],"version-history":[{"count":2,"href":"https:\/\/vinasfm.com\/noticias\/wp-json\/wp\/v2\/posts\/137419\/revisions"}],"predecessor-version":[{"id":137422,"href":"https:\/\/vinasfm.com\/noticias\/wp-json\/wp\/v2\/posts\/137419\/revisions\/137422"}],"wp:featuredmedia":[{"embeddable":true,"href":"https:\/\/vinasfm.com\/noticias\/wp-json\/wp\/v2\/media\/137421"}],"wp:attachment":[{"href":"https:\/\/vinasfm.com\/noticias\/wp-json\/wp\/v2\/media?parent=137419"}],"wp:term":[{"taxonomy":"category","embeddable":true,"href":"https:\/\/vinasfm.com\/noticias\/wp-json\/wp\/v2\/categories?post=137419"},{"taxonomy":"post_tag","embeddable":true,"href":"https:\/\/vinasfm.com\/noticias\/wp-json\/wp\/v2\/tags?post=137419"}],"curies":[{"name":"wp","href":"https:\/\/api.w.org\/{rel}","templated":true}]}}