{"id":137412,"date":"2024-07-13T16:42:32","date_gmt":"2024-07-13T19:42:32","guid":{"rendered":"https:\/\/vinasfm.com\/noticias\/?p=137412"},"modified":"2024-07-15T12:19:13","modified_gmt":"2024-07-15T15:19:13","slug":"el-sport-club-pacifico-se-corono-campeon-del-torneo-de-basquet-local","status":"publish","type":"post","link":"https:\/\/vinasfm.com\/noticias\/el-sport-club-pacifico-se-corono-campeon-del-torneo-de-basquet-local\/","title":{"rendered":"EL SPORT CLUB PAC\u00cdFICO SE CORON\u00d3 CAMPE\u00d3N DEL TORNEO DE B\u00c1SQUET LOCAL"},"content":{"rendered":"<h4>Este triunfo no solo representa un logro deportivo para el equipo, sino tambi\u00e9n una demostraci\u00f3n del esfuerzo y la dedicaci\u00f3n de sus integrantes.<\/h4>\n<p>En un emocionante encuentro que marc\u00f3 el cierre de la primera mitad del a\u00f1o del b\u00e1squet local, Sport Club Pac\u00edfico se consagr\u00f3 campe\u00f3n al vencer a la Uni\u00f3n Social y Deportivo Bowen con un marcador contundente de 86 a 58 en la categor\u00eda primera.<\/p>\n<p><a href=\"https:\/\/vinasfm.com\/noticias\/wp-content\/uploads\/2024\/07\/IMG-20240713-WA0039.jpg\"><img loading=\"lazy\" decoding=\"async\" class=\"alignnone size-medium wp-image-137414\" src=\"https:\/\/vinasfm.com\/noticias\/wp-content\/uploads\/2024\/07\/IMG-20240713-WA0039-300x240.jpg\" alt=\"\" width=\"300\" height=\"240\" srcset=\"https:\/\/vinasfm.com\/noticias\/wp-content\/uploads\/2024\/07\/IMG-20240713-WA0039-300x240.jpg 300w, https:\/\/vinasfm.com\/noticias\/wp-content\/uploads\/2024\/07\/IMG-20240713-WA0039.jpg 591w\" sizes=\"auto, (max-width: 300px) 100vw, 300px\" \/><\/a><\/p>\n<p>El dominio de Pac\u00edfico en el b\u00e1squet local durante este primer semestre ha sido innegable, conquistando los t\u00edtulos en las categor\u00edas U15 femenino, U17 masculino y primera divisi\u00f3n masculino. Estas victorias no solo hablan del talento individual de los jugadores, sino tambi\u00e9n de la fortaleza como equipo y del compromiso con el deporte y la competencia sana.<\/p>\n<p>Adem\u00e1s, ma\u00f1ana el equipo se enfrentar\u00e1 en la tercera final de la liga sure\u00f1a contra Deportivo Argentino de San Rafael, un nuevo desaf\u00edo que pondr\u00e1 a prueba su habilidad y determinaci\u00f3n.<\/p>\n","protected":false},"excerpt":{"rendered":"<p>Este triunfo no solo representa un logro deportivo para el equipo, sino tambi\u00e9n una demostraci\u00f3n del esfuerzo y la dedicaci\u00f3n de &#8230;<\/p>\n","protected":false},"author":7,"featured_media":137416,"comment_status":"open","ping_status":"open","sticky":false,"template":"","format":"standard","meta":{"footnotes":""},"categories":[5,3],"tags":[],"class_list":["post-137412","post","type-post","status-publish","format-standard","has-post-thumbnail","hentry","category-actualidad","category-deportes"],"_links":{"self":[{"href":"https:\/\/vinasfm.com\/noticias\/wp-json\/wp\/v2\/posts\/137412","targetHints":{"allow":["GET"]}}],"collection":[{"href":"https:\/\/vinasfm.com\/noticias\/wp-json\/wp\/v2\/posts"}],"about":[{"href":"https:\/\/vinasfm.com\/noticias\/wp-json\/wp\/v2\/types\/post"}],"author":[{"embeddable":true,"href":"https:\/\/vinasfm.com\/noticias\/wp-json\/wp\/v2\/users\/7"}],"replies":[{"embeddable":true,"href":"https:\/\/vinasfm.com\/noticias\/wp-json\/wp\/v2\/comments?post=137412"}],"version-history":[{"count":2,"href":"https:\/\/vinasfm.com\/noticias\/wp-json\/wp\/v2\/posts\/137412\/revisions"}],"predecessor-version":[{"id":137417,"href":"https:\/\/vinasfm.com\/noticias\/wp-json\/wp\/v2\/posts\/137412\/revisions\/137417"}],"wp:featuredmedia":[{"embeddable":true,"href":"https:\/\/vinasfm.com\/noticias\/wp-json\/wp\/v2\/media\/137416"}],"wp:attachment":[{"href":"https:\/\/vinasfm.com\/noticias\/wp-json\/wp\/v2\/media?parent=137412"}],"wp:term":[{"taxonomy":"category","embeddable":true,"href":"https:\/\/vinasfm.com\/noticias\/wp-json\/wp\/v2\/categories?post=137412"},{"taxonomy":"post_tag","embeddable":true,"href":"https:\/\/vinasfm.com\/noticias\/wp-json\/wp\/v2\/tags?post=137412"}],"curies":[{"name":"wp","href":"https:\/\/api.w.org\/{rel}","templated":true}]}}