{"id":137410,"date":"2024-07-13T16:28:10","date_gmt":"2024-07-13T19:28:10","guid":{"rendered":"https:\/\/vinasfm.com\/noticias\/?p=137410"},"modified":"2024-07-13T16:28:10","modified_gmt":"2024-07-13T19:28:10","slug":"productores-marcharan-a-la-casa-de-gobierno-para-que-continue-la-lucha-antigranizo","status":"publish","type":"post","link":"https:\/\/vinasfm.com\/noticias\/productores-marcharan-a-la-casa-de-gobierno-para-que-continue-la-lucha-antigranizo\/","title":{"rendered":"PRODUCTORES MARCHAR\u00c1N A LA CASA DE GOBIERNO PARA QUE CONTIN\u00daE LA LUCHA ANTIGRANIZO"},"content":{"rendered":"<h4>La Multisectorial de San Rafael convoc\u00f3 a productores del sur que decidieron manifestarse en contra de la medida tomada por el Gobierno Provincial.<\/h4>\n<p>El productor y referente pol\u00edtico alvearense, Javier L\u00f3pez, se\u00f1al\u00f3 que la Multisectorial de San Rafael <em><strong>\u00abha realizado un trabajo muy importante, logrando que se escuchen los reclamos del sur mendocino\u00bb.<\/strong> <\/em>El principal tema que gener\u00f3 la disconformidad de los productores fue el levantamiento de la Lucha Antigranizo por parte del Gobierno Provincial pero, adem\u00e1s, reclamar\u00e1n por los 1.023 millones de d\u00f3lares pertenecientes a Portezuelo del Viento, para que sean utilizados en el oasis sur.<\/p>\n<p>La convocatoria para esta movilizaci\u00f3n inici\u00f3 en los municipios de Rivadavia y San Martin. <em><strong>\u00abSi bien vemos con buenos ojos que los intendentes est\u00e9n involucrados en la reactivaci\u00f3n de la Lucha Antigranizo, exigimos que el Gobierno de Mendoza revierta su decisi\u00f3n porque se ha dilatado mucho y estamos muy preocupados\u00bb<\/strong><\/em>, manifest\u00f3 L\u00f3pez.<\/p>\n<p>Seg\u00fan se pudo conocer, el martes 23 de julio se concentrar\u00e1 a las 8 de la ma\u00f1ana en Ruta 7 y Costa Canal Montecaseros para iniciar una caravana hasta la Casa de Gobierno donde entregar\u00e1n un petitorio con dos o tres puntos centrales.<\/p>\n<p>Por \u00faltimo, Javier L\u00f3pez sostuvo que en el sector productivo de la provincia hay gran disconformidad con el nuevo C\u00f3digo de Agua que se busca restablecer. <em><strong>\u00abLa producci\u00f3n va a quedar sin agua. Este C\u00f3digo le da la potestad al Ejecutivo de cambiar la prioridad de uso del agua de Mendoza y sabemos bien su posici\u00f3n con la miner\u00eda\u00bb.<\/strong><\/em><\/p>\n","protected":false},"excerpt":{"rendered":"<p>La Multisectorial de San Rafael convoc\u00f3 a productores del sur que decidieron manifestarse en contra de la medida tomada por el &#8230;<\/p>\n","protected":false},"author":7,"featured_media":63406,"comment_status":"open","ping_status":"open","sticky":false,"template":"","format":"standard","meta":{"footnotes":""},"categories":[1],"tags":[],"class_list":["post-137410","post","type-post","status-publish","format-standard","has-post-thumbnail","hentry","category-fmvinas"],"_links":{"self":[{"href":"https:\/\/vinasfm.com\/noticias\/wp-json\/wp\/v2\/posts\/137410","targetHints":{"allow":["GET"]}}],"collection":[{"href":"https:\/\/vinasfm.com\/noticias\/wp-json\/wp\/v2\/posts"}],"about":[{"href":"https:\/\/vinasfm.com\/noticias\/wp-json\/wp\/v2\/types\/post"}],"author":[{"embeddable":true,"href":"https:\/\/vinasfm.com\/noticias\/wp-json\/wp\/v2\/users\/7"}],"replies":[{"embeddable":true,"href":"https:\/\/vinasfm.com\/noticias\/wp-json\/wp\/v2\/comments?post=137410"}],"version-history":[{"count":1,"href":"https:\/\/vinasfm.com\/noticias\/wp-json\/wp\/v2\/posts\/137410\/revisions"}],"predecessor-version":[{"id":137411,"href":"https:\/\/vinasfm.com\/noticias\/wp-json\/wp\/v2\/posts\/137410\/revisions\/137411"}],"wp:featuredmedia":[{"embeddable":true,"href":"https:\/\/vinasfm.com\/noticias\/wp-json\/wp\/v2\/media\/63406"}],"wp:attachment":[{"href":"https:\/\/vinasfm.com\/noticias\/wp-json\/wp\/v2\/media?parent=137410"}],"wp:term":[{"taxonomy":"category","embeddable":true,"href":"https:\/\/vinasfm.com\/noticias\/wp-json\/wp\/v2\/categories?post=137410"},{"taxonomy":"post_tag","embeddable":true,"href":"https:\/\/vinasfm.com\/noticias\/wp-json\/wp\/v2\/tags?post=137410"}],"curies":[{"name":"wp","href":"https:\/\/api.w.org\/{rel}","templated":true}]}}