{"id":137405,"date":"2024-07-13T10:29:47","date_gmt":"2024-07-13T13:29:47","guid":{"rendered":"https:\/\/vinasfm.com\/noticias\/?p=137405"},"modified":"2024-07-15T09:58:23","modified_gmt":"2024-07-15T12:58:23","slug":"la-inflacion-en-mendoza-fue-de-55-para-el-mes-de-junio","status":"publish","type":"post","link":"https:\/\/vinasfm.com\/noticias\/la-inflacion-en-mendoza-fue-de-55-para-el-mes-de-junio\/","title":{"rendered":"LA INFLACI\u00d3N EN MENDOZA FUE DE 5,5% PARA EL MES DE JUNIO"},"content":{"rendered":"<h4>Hubo una suba a nivel provincial y estuvo por encima del promedio nacional.<\/h4>\n<p>El\u00a0<strong>\u00cdndice de Precios al Consumidor<\/strong>\u00a0en\u00a0<strong>Mendoza<\/strong> alcanz\u00f3 un 5,5% en junio.\u00a0<strong>En seis meses de este a\u00f1o, la\u00a0inflaci\u00f3n\u00a0acumulada ya es de 73,1%<\/strong>, mientras que la <strong>diferencia interanual de precios alcanz\u00f3 el 267,9%.<\/strong>\u00a0Los rubros que m\u00e1s aumentaron fueron<\/p>\n<p>El dato local, producido por la\u00a0<strong>Direcci\u00f3n de Estad\u00edsticas e Investigaciones Econ\u00f3micas<\/strong>\u00a0de Mendoza (DEIE), marc\u00f3 un n\u00famero por encima al promedio nacional: para el\u00a0<strong>Indec<\/strong>, la inflaci\u00f3n en Argentina para el mes pasado fue de 4,6%.<\/p>\n<p><img decoding=\"async\" src=\"https:\/\/i0.wp.com\/newspack-elsol.s3.amazonaws.com\/wp-content\/uploads\/2024\/07\/image-4.png?resize=780%2C438&amp;ssl=1\" \/><\/p>\n<p>Tanto en Mendoza como a nivel pa\u00eds, hubo un aumento por primera vez desde diciembre 2023. En ese mes, la DEIE ubic\u00f3 el aumento de los precios en 25,3% y a partir de ah\u00ed, fue en un paulatino ascenso.<\/p>\n<h2 id=\"h-los-precios-que-mas-subieron-en-junio-2024\" class=\"wp-block-heading\">Los precios que m\u00e1s subieron en junio 2024<\/h2>\n<p><strong>Vivienda y servicios b\u00e1sicos\u00a0lleg\u00f3 a 24,2%, por lo que fue el rubro con mayor incremento con respecto al mes anterior.<\/strong><\/p>\n<p>Luego se ubic\u00f3 el rubro esparcimiento con 6,8% y otro dos en un mismo nivel: <strong><span class=\"selectable-text copyable-text\">Alimentos y bebidas e Indumentaria<\/span><\/strong>, que marcaron aumentos en un promedio de 4,9% de inflaci\u00f3n, respectivamente.<\/p>\n<p>Apenas m\u00e1s abajo estuvo Equipamiento y mantenimiento del hogar con 4,8%. En tanto, Educaci\u00f3n marc\u00f3 una cifra de 4,1%.<\/p>\n","protected":false},"excerpt":{"rendered":"<p>Hubo una suba a nivel provincial y estuvo por encima del promedio nacional. El\u00a0\u00cdndice de Precios al Consumidor\u00a0en\u00a0Mendoza alcanz\u00f3 un 5,5% &#8230;<\/p>\n","protected":false},"author":7,"featured_media":48143,"comment_status":"open","ping_status":"open","sticky":false,"template":"","format":"standard","meta":{"footnotes":""},"categories":[5,193],"tags":[],"class_list":["post-137405","post","type-post","status-publish","format-standard","has-post-thumbnail","hentry","category-actualidad","category-inflacion"],"_links":{"self":[{"href":"https:\/\/vinasfm.com\/noticias\/wp-json\/wp\/v2\/posts\/137405","targetHints":{"allow":["GET"]}}],"collection":[{"href":"https:\/\/vinasfm.com\/noticias\/wp-json\/wp\/v2\/posts"}],"about":[{"href":"https:\/\/vinasfm.com\/noticias\/wp-json\/wp\/v2\/types\/post"}],"author":[{"embeddable":true,"href":"https:\/\/vinasfm.com\/noticias\/wp-json\/wp\/v2\/users\/7"}],"replies":[{"embeddable":true,"href":"https:\/\/vinasfm.com\/noticias\/wp-json\/wp\/v2\/comments?post=137405"}],"version-history":[{"count":3,"href":"https:\/\/vinasfm.com\/noticias\/wp-json\/wp\/v2\/posts\/137405\/revisions"}],"predecessor-version":[{"id":137409,"href":"https:\/\/vinasfm.com\/noticias\/wp-json\/wp\/v2\/posts\/137405\/revisions\/137409"}],"wp:featuredmedia":[{"embeddable":true,"href":"https:\/\/vinasfm.com\/noticias\/wp-json\/wp\/v2\/media\/48143"}],"wp:attachment":[{"href":"https:\/\/vinasfm.com\/noticias\/wp-json\/wp\/v2\/media?parent=137405"}],"wp:term":[{"taxonomy":"category","embeddable":true,"href":"https:\/\/vinasfm.com\/noticias\/wp-json\/wp\/v2\/categories?post=137405"},{"taxonomy":"post_tag","embeddable":true,"href":"https:\/\/vinasfm.com\/noticias\/wp-json\/wp\/v2\/tags?post=137405"}],"curies":[{"name":"wp","href":"https:\/\/api.w.org\/{rel}","templated":true}]}}