{"id":137393,"date":"2024-07-13T10:12:43","date_gmt":"2024-07-13T13:12:43","guid":{"rendered":"https:\/\/vinasfm.com\/noticias\/?p=137393"},"modified":"2024-07-15T08:28:23","modified_gmt":"2024-07-15T11:28:23","slug":"la-colonia-municipal-de-vacaciones-de-invierno-se-desarrola-con-gran-exito","status":"publish","type":"post","link":"https:\/\/vinasfm.com\/noticias\/la-colonia-municipal-de-vacaciones-de-invierno-se-desarrola-con-gran-exito\/","title":{"rendered":"LA COLONIA MUNICIPAL DE VACACIONES DE INVIERNO SE DESARROLA CON GRAN EXITO"},"content":{"rendered":"<h4><span style=\"color: #000000;\">Una oportunidad \u00fanica se present\u00f3 para los ni\u00f1os de ciudad y los distritos con el inicio de la esperada colonia municipal de vacaciones de invierno en General Alvear.<\/span><\/h4>\n<p><span style=\"color: #000000;\"> Gracias al convenio establecido entre la municipalidad y el Club Banco Naci\u00f3n, los m\u00e1s peque\u00f1os tienen la posibilidad de disfrutar de un espacio recreativo con una pileta climatizada, brindando diversi\u00f3n y entretenimiento en esta \u00e9poca del a\u00f1o.<\/span><br \/>\n<span style=\"color: #000000;\">La Colonia anici\u00f3 con gran entusiasmo y alegr\u00eda, ofreciendo a los participantes una amplia variedad de actividades recreativas y deportivas tanto en el polideportivo local como en la piscina del Club Banco Naci\u00f3n.<\/span><\/p>\n<p><span style=\"color: #000000;\"><em><strong>\u201cLos ni\u00f1os disfrutan de momentos inolvidables mientras comparten desayunos, meriendas y vivencias que fortalecen lazos de amistad y camarader\u00eda\u201d,<\/strong><\/em> dijo el profesor Hern\u00e1n Sayago.<\/span><\/p>\n<p><span style=\"color: #000000;\">Destacando la inclusi\u00f3n y la integraci\u00f3n, se observa la participaci\u00f3n activa de ni\u00f1os provenientes de los distritos, quienes tienen la oportunidad de disfrutar por primera vez de las instalaciones y servicios de la pileta aclimatada, enriqueciendo su experiencia y ampliando sus horizontes recreativos.<\/span><\/p>\n<p><span style=\"color: #000000;\"><em><strong>\u201cLa Colonia de Vacaciones de Invierno se presenta como un espacio ideal para que los m\u00e1s peque\u00f1os puedan relajarse, divertirse y compartir momentos inolvidables durante sus vacaciones. Esta iniciativa no solo brinda entretenimiento, sino que tambi\u00e9n contribuye a descomprimir el estr\u00e9s diario y fomenta el sano esparcimiento en un ambiente seguro y propicio para el desarrollo integral de los ni\u00f1os\u201d<\/strong><\/em>, agreg\u00f3 Sayago.<\/span><\/p>\n<p><span style=\"color: #000000;\">Desde el Club Banco Naci\u00f3n, el profesor Cristian Sosa destac\u00f3 el convenio firmado entre la municipalidad para realizar una colonia de vacaciones en el Club Banco.<\/span><br \/>\n<span style=\"color: #000000;\"><strong><em>\u201cSe ofrecen instalaciones completas como la pileta, vestuarios, seguridad y espacios verdes. Se invita a seguir inscribi\u00e9ndose en el polideportivo para participar en las actividades. El club se encuentra en buen estado, con servicios renovados y mejoras en las instalaciones\u201d<\/em><\/strong>, culmin\u00f3.<\/span><\/p>\n","protected":false},"excerpt":{"rendered":"<p>Una oportunidad \u00fanica se present\u00f3 para los ni\u00f1os de ciudad y los distritos con el inicio de la esperada colonia municipal &#8230;<\/p>\n","protected":false},"author":7,"featured_media":137396,"comment_status":"open","ping_status":"open","sticky":false,"template":"","format":"standard","meta":{"footnotes":""},"categories":[5,11],"tags":[],"class_list":["post-137393","post","type-post","status-publish","format-standard","has-post-thumbnail","hentry","category-actualidad","category-sociales"],"_links":{"self":[{"href":"https:\/\/vinasfm.com\/noticias\/wp-json\/wp\/v2\/posts\/137393","targetHints":{"allow":["GET"]}}],"collection":[{"href":"https:\/\/vinasfm.com\/noticias\/wp-json\/wp\/v2\/posts"}],"about":[{"href":"https:\/\/vinasfm.com\/noticias\/wp-json\/wp\/v2\/types\/post"}],"author":[{"embeddable":true,"href":"https:\/\/vinasfm.com\/noticias\/wp-json\/wp\/v2\/users\/7"}],"replies":[{"embeddable":true,"href":"https:\/\/vinasfm.com\/noticias\/wp-json\/wp\/v2\/comments?post=137393"}],"version-history":[{"count":1,"href":"https:\/\/vinasfm.com\/noticias\/wp-json\/wp\/v2\/posts\/137393\/revisions"}],"predecessor-version":[{"id":137394,"href":"https:\/\/vinasfm.com\/noticias\/wp-json\/wp\/v2\/posts\/137393\/revisions\/137394"}],"wp:featuredmedia":[{"embeddable":true,"href":"https:\/\/vinasfm.com\/noticias\/wp-json\/wp\/v2\/media\/137396"}],"wp:attachment":[{"href":"https:\/\/vinasfm.com\/noticias\/wp-json\/wp\/v2\/media?parent=137393"}],"wp:term":[{"taxonomy":"category","embeddable":true,"href":"https:\/\/vinasfm.com\/noticias\/wp-json\/wp\/v2\/categories?post=137393"},{"taxonomy":"post_tag","embeddable":true,"href":"https:\/\/vinasfm.com\/noticias\/wp-json\/wp\/v2\/tags?post=137393"}],"curies":[{"name":"wp","href":"https:\/\/api.w.org\/{rel}","templated":true}]}}