{"id":137345,"date":"2024-07-11T10:19:02","date_gmt":"2024-07-11T13:19:02","guid":{"rendered":"https:\/\/vinasfm.com\/noticias\/?p=137345"},"modified":"2024-07-12T09:54:37","modified_gmt":"2024-07-12T12:54:37","slug":"la-direccion-de-educacion-traera-8-nuevas-capacitaciones-a-general-alvear","status":"publish","type":"post","link":"https:\/\/vinasfm.com\/noticias\/la-direccion-de-educacion-traera-8-nuevas-capacitaciones-a-general-alvear\/","title":{"rendered":"LA DIRECCI\u00d3N DE EDUCACI\u00d3N TRAER\u00c1 8 NUEVAS CAPACITACIONES A GENERAL ALVEAR"},"content":{"rendered":"<h4><span style=\"color: #000000;\">Se tratan de distintas capacitaciones que llegan al departamento junto al I<strong>nstituto de Formaci\u00f3n Pol\u00edtica y Gesti\u00f3n P\u00fablica. El periodo de inscripciones culminar\u00e1 el domingo 14 de julio.<\/strong><\/span><\/h4>\n<p><span style=\"color: #000000;\">Durante el mes de febrero, el director de Educaci\u00f3n de la Comuna, Jos\u00e9 Mor\u00e1n; anunci\u00f3 la llegada de distintas capacitaciones producto la firma de un convenio con el I<strong>nstituto de Formaci\u00f3n Pol\u00edtica y Gesti\u00f3n P\u00fablica, de Buenos Aires. En aquella oportunidad se anunciaron 8 capacitaciones, con duraci\u00f3n de 4 meses, que se dictaron con modalidad virtual.<\/strong><\/span><\/p>\n<p><span style=\"color: #000000;\">La segunda mitad del 2024 llega con 8 nuevas capacitaciones, se tratan de <em>Desarrollo Turistico para Gobiernos Locales, Infraestructura para el Desarrollo, Derecho Administrativo, Seguridad P\u00fablica, Perspectiva de G\u00e9nero en la Gesti\u00f3n P\u00fablica, Pol\u00edticas de Gesti\u00f3n y Desarrollo Sociourbano, Lenguaje Claro y Ciudades Sostenibles.<\/em><\/span><\/p>\n<p><span style=\"color: #000000;\">Cabe destacar que los mismos cuentan con certificaci\u00f3n nacional. Quienes deseen acceder alguna de estas 8 capacitaciones podr\u00e1n inscribirse en la Direcci\u00f3n de Educaci\u00f3n (Chapeaurouge 15), o haciendo click en este<\/span>\u00a0<a href=\"https:\/\/docs.google.com\/forms\/d\/e\/1FAIpQLSf5T-UCNP9dNCVKr6ygew9mlQb5m-XXARlp6yiW4rvHjUUwEQ\/viewform?fbclid=IwAR3iA2bo4PO0I5X8v7TeSSUcXGu-VN2ZPasd7BRCNM7VWKicRT5VaM84UZs&amp;pli=1\">link.\u00a0<\/a><\/p>\n","protected":false},"excerpt":{"rendered":"<p>Se tratan de distintas capacitaciones que llegan al departamento junto al Instituto de Formaci\u00f3n Pol\u00edtica y Gesti\u00f3n P\u00fablica. El periodo de &#8230;<\/p>\n","protected":false},"author":7,"featured_media":137349,"comment_status":"open","ping_status":"open","sticky":false,"template":"","format":"standard","meta":{"footnotes":""},"categories":[5,18],"tags":[],"class_list":["post-137345","post","type-post","status-publish","format-standard","has-post-thumbnail","hentry","category-actualidad","category-educacion"],"_links":{"self":[{"href":"https:\/\/vinasfm.com\/noticias\/wp-json\/wp\/v2\/posts\/137345","targetHints":{"allow":["GET"]}}],"collection":[{"href":"https:\/\/vinasfm.com\/noticias\/wp-json\/wp\/v2\/posts"}],"about":[{"href":"https:\/\/vinasfm.com\/noticias\/wp-json\/wp\/v2\/types\/post"}],"author":[{"embeddable":true,"href":"https:\/\/vinasfm.com\/noticias\/wp-json\/wp\/v2\/users\/7"}],"replies":[{"embeddable":true,"href":"https:\/\/vinasfm.com\/noticias\/wp-json\/wp\/v2\/comments?post=137345"}],"version-history":[{"count":1,"href":"https:\/\/vinasfm.com\/noticias\/wp-json\/wp\/v2\/posts\/137345\/revisions"}],"predecessor-version":[{"id":137348,"href":"https:\/\/vinasfm.com\/noticias\/wp-json\/wp\/v2\/posts\/137345\/revisions\/137348"}],"wp:featuredmedia":[{"embeddable":true,"href":"https:\/\/vinasfm.com\/noticias\/wp-json\/wp\/v2\/media\/137349"}],"wp:attachment":[{"href":"https:\/\/vinasfm.com\/noticias\/wp-json\/wp\/v2\/media?parent=137345"}],"wp:term":[{"taxonomy":"category","embeddable":true,"href":"https:\/\/vinasfm.com\/noticias\/wp-json\/wp\/v2\/categories?post=137345"},{"taxonomy":"post_tag","embeddable":true,"href":"https:\/\/vinasfm.com\/noticias\/wp-json\/wp\/v2\/tags?post=137345"}],"curies":[{"name":"wp","href":"https:\/\/api.w.org\/{rel}","templated":true}]}}