{"id":137302,"date":"2024-07-10T10:28:09","date_gmt":"2024-07-10T13:28:09","guid":{"rendered":"https:\/\/vinasfm.com\/noticias\/?p=137302"},"modified":"2024-07-11T10:21:00","modified_gmt":"2024-07-11T13:21:00","slug":"primicia-molero-anuncio-la-obra-del-anillado-electrico-de-132-kva","status":"publish","type":"post","link":"https:\/\/vinasfm.com\/noticias\/primicia-molero-anuncio-la-obra-del-anillado-electrico-de-132-kva\/","title":{"rendered":"PRIMICIA: MOLERO ANUNCI\u00d3 LA OBRA DEL ANILLADO EL\u00c9CTRICO DE 132 KVA"},"content":{"rendered":"<h4>Se trata de una obra prometida hace m\u00e1s de 10 a\u00f1os por el ex gobernador Francisco Paco P\u00e9rez. \u00a0Ser\u00e1 la primera gran obra ejecutada con los 1.023 millones de d\u00f3lares liberados por el Gobierno Nacional.<\/h4>\n<p>El <strong>Jefe Comunal<\/strong> anunci\u00f3 esta obra en los micr\u00f3fonos de <strong><em>FM VI\u00d1A<\/em><\/strong>, en la ma\u00f1ana del martes 9 de julio. Esta obra pedida durante d\u00e9cadas asegura el abastecimiento de energ\u00eda el\u00e9ctrica, acompa\u00f1a el crecimiento poblacional, agropecuario, industrial y productivo de la zona. Permite la radicaci\u00f3n de nuevos emprendimientos productivos y brinda una mayor confiabilidad y estabilidad al sistema el\u00e9ctrico.<\/p>\n<p>Adem\u00e1s, Alejandro Molero, destac\u00f3 que <strong><em>\u201cGeneral Alvear est\u00e1 atravesando d\u00edas de alegr\u00eda con el anuncio y ejecuci\u00f3n de nuevas obras que eran muy pedidas. Esto no solo nos asegura el progreso del departamento, sino que tambi\u00e9n genera puestos de trabajo seguros y registrados\u201d.\u00a0<\/em><\/strong>En ese sentido, se\u00f1al\u00f3 que la obra del Campus Educativo de UGACOOP est\u00e1 avanzando r\u00e1pidamente y el pr\u00f3ximo 17 de julio se firmar\u00e1 el acto de inicio del Barrio Vi\u00f1as del Oeste.<strong><em> \u00abContinuamos trabajando en poyectos ejecutivos de grandes obras como la del Polideportivo de Bowen, que est\u00e1 pronto a llamado de licitaci\u00f3n\u00bb<\/em><\/strong>, expres\u00f3 el Sr. Intendente <strong>Alejandro Molero.\u00a0<\/strong><\/p>\n","protected":false},"excerpt":{"rendered":"<p>Se trata de una obra prometida hace m\u00e1s de 10 a\u00f1os por el ex gobernador Francisco Paco P\u00e9rez. \u00a0Ser\u00e1 la primera &#8230;<\/p>\n","protected":false},"author":7,"featured_media":137303,"comment_status":"open","ping_status":"open","sticky":false,"template":"","format":"standard","meta":{"footnotes":""},"categories":[5,10],"tags":[],"class_list":["post-137302","post","type-post","status-publish","format-standard","has-post-thumbnail","hentry","category-actualidad","category-destacadas"],"_links":{"self":[{"href":"https:\/\/vinasfm.com\/noticias\/wp-json\/wp\/v2\/posts\/137302","targetHints":{"allow":["GET"]}}],"collection":[{"href":"https:\/\/vinasfm.com\/noticias\/wp-json\/wp\/v2\/posts"}],"about":[{"href":"https:\/\/vinasfm.com\/noticias\/wp-json\/wp\/v2\/types\/post"}],"author":[{"embeddable":true,"href":"https:\/\/vinasfm.com\/noticias\/wp-json\/wp\/v2\/users\/7"}],"replies":[{"embeddable":true,"href":"https:\/\/vinasfm.com\/noticias\/wp-json\/wp\/v2\/comments?post=137302"}],"version-history":[{"count":5,"href":"https:\/\/vinasfm.com\/noticias\/wp-json\/wp\/v2\/posts\/137302\/revisions"}],"predecessor-version":[{"id":137308,"href":"https:\/\/vinasfm.com\/noticias\/wp-json\/wp\/v2\/posts\/137302\/revisions\/137308"}],"wp:featuredmedia":[{"embeddable":true,"href":"https:\/\/vinasfm.com\/noticias\/wp-json\/wp\/v2\/media\/137303"}],"wp:attachment":[{"href":"https:\/\/vinasfm.com\/noticias\/wp-json\/wp\/v2\/media?parent=137302"}],"wp:term":[{"taxonomy":"category","embeddable":true,"href":"https:\/\/vinasfm.com\/noticias\/wp-json\/wp\/v2\/categories?post=137302"},{"taxonomy":"post_tag","embeddable":true,"href":"https:\/\/vinasfm.com\/noticias\/wp-json\/wp\/v2\/tags?post=137302"}],"curies":[{"name":"wp","href":"https:\/\/api.w.org\/{rel}","templated":true}]}}