{"id":137299,"date":"2024-07-10T10:23:36","date_gmt":"2024-07-10T13:23:36","guid":{"rendered":"https:\/\/vinasfm.com\/noticias\/?p=137299"},"modified":"2024-07-11T08:42:39","modified_gmt":"2024-07-11T11:42:39","slug":"el-ipv-continua-con-la-notificacion-de-deuda-e-intervencion-judicial-a-morosos","status":"publish","type":"post","link":"https:\/\/vinasfm.com\/noticias\/el-ipv-continua-con-la-notificacion-de-deuda-e-intervencion-judicial-a-morosos\/","title":{"rendered":"EL IPV CONTIN\u00daA CON LA NOTIFICACI\u00d3N DE DEUDA E INTERVENCI\u00d3N JUDICIAL A MOROSOS"},"content":{"rendered":"<h4><strong><span class=\"sigijh_hlt\">El Instituto Provincial de la Vivienda (IPV) est\u00e1 intentando cobrarle a verdaderos morosos, por lo que ya existen intimaciones e incluso notificaciones de desadjudicaci\u00f3n de viviendas. Sobre la situaci\u00f3n habl\u00f3 con FM Vos (94.5) con nuestro diario, Fabricio Mar\u00f3ccolo, integrante de la Coordinaci\u00f3n sur del organismo mendocino.<\/span><\/strong><\/h4>\n<p>El IPV est\u00e1 en un proceso que se est\u00e1 depurando desde la capital provincial y que va con todos los municipios. <em><strong>\u201cHoy lo que nos interesa, es tratar de hacer un gran recupero de la mora y de situaciones de irregularidad que se han venido dando a trav\u00e9s del tiempo con las viviendas del IPV. Entendemos que mucha gente ha tomado al IPV como una cuesti\u00f3n de \u2018bueno, te dan la vivienda y al poco tiempo no cuida el pago\u2019<\/strong><\/em>. <em><strong>Hay personas que s\u00ed cuidan la vivienda en el aspecto del pago, que es la \u00fanica relaci\u00f3n que nos queda despu\u00e9s con el beneficiario: el cobro de la cuota, que muchos lo hacen y sabemos que es un esfuerzo, pero muchos (m\u00e1s de los que nos vienen pagando), tomar\u00edan a esto como un beneficio que no hubiera que devolver\u201d<\/strong><\/em>, expres\u00f3 Mar\u00f3ccolo.<\/p>\n<p>El funcionario critic\u00f3 que hay quienes suponen que a un particular o a un banco no se le puede deber, mientras que al Estado s\u00ed. <em><strong>\u201cEs una gran misi\u00f3n del Estado paliar la situaci\u00f3n habitacional (que es mucha y lo entendemos), pero de la forma en que nos va a ayudar el mendocino es colaborando con la \u00fanica obligaci\u00f3n que tiene: el pago de la cuota\u201d, destac\u00f3, m\u00e1s all\u00e1 de que considera cierto que el pa\u00eds atraviesa una dura realidad.&#8217;<\/strong><\/em><\/p>\n<p>Destac\u00f3 tambi\u00e9n que las deudas con el IPV han existido siempre, pero en este caso el Gobierno est\u00e1 siendo m\u00e1s firme ya que \u2013asegur\u00f3\u2013 <em><strong>\u201ces el momento de recaudar dinero porque debemos construir m\u00e1s, debemos estar m\u00e1s cerca de la gente, lo que nos obliga a trabajar de esa manera\u201d<\/strong><\/em>. <em><strong>\u201c<\/strong><\/em><span class=\"sigijh_hlt\"><em><strong>Es importante destacar que la intenci\u00f3n del IPV siempre ha sido la misma en el aspecto de lo social, no podemos dejar de lado el fin social que el IPV tiene, entonces la posibilidad que le damos a la persona que obviamente hoy est\u00e1 en mora, es mucho m\u00e1s grande que la que le puede dar un banco, una financiera: le vamos a dar varios elementos para que se pueda poner al d\u00eda, regularice la deuda o que la pueda cancelar con una quita de intereses muy importante\u201d<\/strong><\/em>, aclar\u00f3.<\/span><br \/>\nMar\u00f3ccolo destac\u00f3 que en San Rafael hay varias viviendas cuyos due\u00f1os est\u00e1n en morosidad, y para los que ya se est\u00e1n preparando las notificaciones legales.<\/p>\n","protected":false},"excerpt":{"rendered":"<p>El Instituto Provincial de la Vivienda (IPV) est\u00e1 intentando cobrarle a verdaderos morosos, por lo que ya existen intimaciones e incluso &#8230;<\/p>\n","protected":false},"author":7,"featured_media":137300,"comment_status":"open","ping_status":"open","sticky":false,"template":"","format":"standard","meta":{"footnotes":""},"categories":[5,10],"tags":[],"class_list":["post-137299","post","type-post","status-publish","format-standard","has-post-thumbnail","hentry","category-actualidad","category-destacadas"],"_links":{"self":[{"href":"https:\/\/vinasfm.com\/noticias\/wp-json\/wp\/v2\/posts\/137299","targetHints":{"allow":["GET"]}}],"collection":[{"href":"https:\/\/vinasfm.com\/noticias\/wp-json\/wp\/v2\/posts"}],"about":[{"href":"https:\/\/vinasfm.com\/noticias\/wp-json\/wp\/v2\/types\/post"}],"author":[{"embeddable":true,"href":"https:\/\/vinasfm.com\/noticias\/wp-json\/wp\/v2\/users\/7"}],"replies":[{"embeddable":true,"href":"https:\/\/vinasfm.com\/noticias\/wp-json\/wp\/v2\/comments?post=137299"}],"version-history":[{"count":1,"href":"https:\/\/vinasfm.com\/noticias\/wp-json\/wp\/v2\/posts\/137299\/revisions"}],"predecessor-version":[{"id":137301,"href":"https:\/\/vinasfm.com\/noticias\/wp-json\/wp\/v2\/posts\/137299\/revisions\/137301"}],"wp:featuredmedia":[{"embeddable":true,"href":"https:\/\/vinasfm.com\/noticias\/wp-json\/wp\/v2\/media\/137300"}],"wp:attachment":[{"href":"https:\/\/vinasfm.com\/noticias\/wp-json\/wp\/v2\/media?parent=137299"}],"wp:term":[{"taxonomy":"category","embeddable":true,"href":"https:\/\/vinasfm.com\/noticias\/wp-json\/wp\/v2\/categories?post=137299"},{"taxonomy":"post_tag","embeddable":true,"href":"https:\/\/vinasfm.com\/noticias\/wp-json\/wp\/v2\/tags?post=137299"}],"curies":[{"name":"wp","href":"https:\/\/api.w.org\/{rel}","templated":true}]}}