{"id":137295,"date":"2024-07-10T10:05:49","date_gmt":"2024-07-10T13:05:49","guid":{"rendered":"https:\/\/vinasfm.com\/noticias\/?p=137295"},"modified":"2024-07-11T08:44:01","modified_gmt":"2024-07-11T11:44:01","slug":"se-promulgo-la-ley-que-regula-la-compra-y-venta-de-bienes-usados-en-mendoza","status":"publish","type":"post","link":"https:\/\/vinasfm.com\/noticias\/se-promulgo-la-ley-que-regula-la-compra-y-venta-de-bienes-usados-en-mendoza\/","title":{"rendered":"SE PROMULG\u00d3 LA LEY QUE REGULA LA COMPRA Y VENTA DE BIENES USADOS EN MENDOZA"},"content":{"rendered":"<h4><span style=\"color: #000000;\">La normativa apunta a controlar y reducir el \u201cmercado negro\u201d de elementos robados. Comenzar\u00e1 a regir a partir de enero de 2025.<\/span><\/h4>\n<p><span style=\"color: #000000;\">El Gobierno de\u00a0<strong>Alfredo Cornejo\u00a0<\/strong>promulg\u00f3 la<strong>\u00a0Ley de Bienes Usados<\/strong>. Esta norma provincial establece un sistema de control y registro de compra y ventas de muebles y de consulta de origen\u00a0 de lo mismo.\u00a0<a style=\"color: #000000;\" href=\"https:\/\/www.elsol.com.ar\/mendoza\/luz-verde-al-proyecto-contra-el-mercado-negro-de-bienes-robados\/\">La iniciativa propuesta por el Ministerio de Seguridad y Justicia<\/a>\u00a0apunta a reducir el \u201c<em>mercado negro<\/em>\u201d de objetos robados.<\/span><\/p>\n<p><span style=\"color: #000000;\">La ley cuenta con 28 art\u00edculos, entre los que sobresalen la creaci\u00f3n del Registro de Bienes Muebles Usados. Ac\u00e1, los usuarios podr\u00e1n cargar los objetos que pretendan vender y de esa manera, el futuro comprador podr\u00e1 saber el historial del bien a comprar. Este documento ser\u00e1 de f\u00e1cil y libre acceso.<\/span><\/p>\n<p><span style=\"color: #000000;\">El Ministerio de Seguridad y Justicia, encabezada por<strong>\u00a0Mercedes Rus<\/strong>, ser\u00e1 la autoridad competente de controlar y hacer cumplir las sanciones que dispone esta nueva regla. Una de ellas es la facultad que tendr\u00e1n las fuerzas policiales para realizar controles u operativos en locales o puntos de ventas de bienes usados.<\/span><\/p>\n<p><span style=\"color: #000000;\">En caso de que una persona no pueda comprobar que es el due\u00f1o de un bien, las fuerzas de Seguridad podr\u00e1n avanzar al secuestro del mismo. Luego, el Ejecutivo podr\u00e1 disponer estos elementos a trav\u00e9s de subasta, destrucci\u00f3n, compactaci\u00f3n y\/o adquirirse a favor de la cartera que conduce Rus.<\/span><\/p>\n<p><span style=\"color: #000000;\">El art\u00edculo 28 manifiesta que la ley deber\u00e1 reglamentarse dentro de los 180 d\u00edas desde su promulgaci\u00f3n. Es decir, comenzar\u00e1 a aplicarse en enero del pr\u00f3ximo a\u00f1o.<\/span><\/p>\n","protected":false},"excerpt":{"rendered":"<p>La normativa apunta a controlar y reducir el \u201cmercado negro\u201d de elementos robados. Comenzar\u00e1 a regir a partir de enero de &#8230;<\/p>\n","protected":false},"author":7,"featured_media":137296,"comment_status":"open","ping_status":"open","sticky":false,"template":"","format":"standard","meta":{"footnotes":""},"categories":[5,33],"tags":[],"class_list":["post-137295","post","type-post","status-publish","format-standard","has-post-thumbnail","hentry","category-actualidad","category-seguridad"],"_links":{"self":[{"href":"https:\/\/vinasfm.com\/noticias\/wp-json\/wp\/v2\/posts\/137295","targetHints":{"allow":["GET"]}}],"collection":[{"href":"https:\/\/vinasfm.com\/noticias\/wp-json\/wp\/v2\/posts"}],"about":[{"href":"https:\/\/vinasfm.com\/noticias\/wp-json\/wp\/v2\/types\/post"}],"author":[{"embeddable":true,"href":"https:\/\/vinasfm.com\/noticias\/wp-json\/wp\/v2\/users\/7"}],"replies":[{"embeddable":true,"href":"https:\/\/vinasfm.com\/noticias\/wp-json\/wp\/v2\/comments?post=137295"}],"version-history":[{"count":2,"href":"https:\/\/vinasfm.com\/noticias\/wp-json\/wp\/v2\/posts\/137295\/revisions"}],"predecessor-version":[{"id":137298,"href":"https:\/\/vinasfm.com\/noticias\/wp-json\/wp\/v2\/posts\/137295\/revisions\/137298"}],"wp:featuredmedia":[{"embeddable":true,"href":"https:\/\/vinasfm.com\/noticias\/wp-json\/wp\/v2\/media\/137296"}],"wp:attachment":[{"href":"https:\/\/vinasfm.com\/noticias\/wp-json\/wp\/v2\/media?parent=137295"}],"wp:term":[{"taxonomy":"category","embeddable":true,"href":"https:\/\/vinasfm.com\/noticias\/wp-json\/wp\/v2\/categories?post=137295"},{"taxonomy":"post_tag","embeddable":true,"href":"https:\/\/vinasfm.com\/noticias\/wp-json\/wp\/v2\/tags?post=137295"}],"curies":[{"name":"wp","href":"https:\/\/api.w.org\/{rel}","templated":true}]}}