{"id":137257,"date":"2024-07-09T19:47:26","date_gmt":"2024-07-09T22:47:26","guid":{"rendered":"https:\/\/vinasfm.com\/noticias\/?p=137257"},"modified":"2024-07-10T10:33:15","modified_gmt":"2024-07-10T13:33:15","slug":"general-alvear-conmemoro-el-dia-de-la-independencia-en-la-plaza-departamental","status":"publish","type":"post","link":"https:\/\/vinasfm.com\/noticias\/general-alvear-conmemoro-el-dia-de-la-independencia-en-la-plaza-departamental\/","title":{"rendered":"GENERAL ALVEAR CONMEMOR\u00d3 EL D\u00cdA DE LA INDEPENDENCIA EN LA PLAZA DEPARTAMENTAL"},"content":{"rendered":"<h4>La plaza Carlos Mar\u00eda de Alvear fue el escenario de una emotiva celebraci\u00f3n patri\u00f3tica. Autoridades locales, encabezadas por el intendente Alejandro Molero, se hicieron presentes para honrar este importante d\u00eda en la historia nacional.<\/h4>\n<p>El c\u00e1lido acto cont\u00f3 con la participaci\u00f3n destacada del Secretario de Desarrollo Hugo Molina, quien asumi\u00f3 el rol de \u00fanico orador y transmiti\u00f3 mensajes de unidad, libertad y compromiso c\u00edvico ante los presentes. El discurso reson\u00f3 entre los presentes, recordando los valores que dieron origen a nuestra independencia y llamando a mantener viva la llama de la soberan\u00eda y la autonom\u00eda.<\/p>\n<p>El funcionario Municipal conmemor\u00f3 los 208 a\u00f1os de la declaraci\u00f3n de la Independencia de Argentina en 1816 y destac\u00f3 como importante recordar que la libertad y la independencia no son est\u00e1ticas, sino que requieren un compromiso continuo de todos los ciudadanos para mantener y fortalecer la democracia.<\/p>\n<p><em><strong>\u201cHoy como cada mes de julio festejamos los derechos, la posibilidad de elegir a nuestros gobernantes, de administrar nuestros recursos, de abrir las puertas a los hermanos de otras naciones, de participar en las decisiones de nuestra comunidad. No debemos olvidarnos de las responsabilidades que tenemos como pueblo independiente. La libertad no es algo est\u00e1tico, r\u00edgido, cristalizado, que se consigue de una vez y para siempre. Todos nosotros, todos los hombres y las mujeres que conformamos nuestra Naci\u00f3n, tenemos la obligaci\u00f3n de renovar, reproducir y reforzar cada d\u00eda el compromiso con la suma de libertades en la democracia en la que vivimos hoy\u201d<\/strong><\/em>, dijo Molina.<\/p>\n<p><a href=\"https:\/\/vinasfm.com\/noticias\/wp-content\/uploads\/2024\/07\/IMG-20240709-WA0062.jpg\"><img loading=\"lazy\" decoding=\"async\" class=\"alignnone size-medium wp-image-137261\" src=\"https:\/\/vinasfm.com\/noticias\/wp-content\/uploads\/2024\/07\/IMG-20240709-WA0062-300x200.jpg\" alt=\"\" width=\"300\" height=\"200\" srcset=\"https:\/\/vinasfm.com\/noticias\/wp-content\/uploads\/2024\/07\/IMG-20240709-WA0062-300x200.jpg 300w, https:\/\/vinasfm.com\/noticias\/wp-content\/uploads\/2024\/07\/IMG-20240709-WA0062-1024x684.jpg 1024w, https:\/\/vinasfm.com\/noticias\/wp-content\/uploads\/2024\/07\/IMG-20240709-WA0062-768x513.jpg 768w, https:\/\/vinasfm.com\/noticias\/wp-content\/uploads\/2024\/07\/IMG-20240709-WA0062-1536x1025.jpg 1536w, https:\/\/vinasfm.com\/noticias\/wp-content\/uploads\/2024\/07\/IMG-20240709-WA0062.jpg 1600w\" sizes=\"auto, (max-width: 300px) 100vw, 300px\" \/><\/a> <a href=\"https:\/\/vinasfm.com\/noticias\/wp-content\/uploads\/2024\/07\/IMG-20240709-WA0067.jpg\"><img loading=\"lazy\" decoding=\"async\" class=\"alignnone size-medium wp-image-137262\" src=\"https:\/\/vinasfm.com\/noticias\/wp-content\/uploads\/2024\/07\/IMG-20240709-WA0067-300x200.jpg\" alt=\"\" width=\"300\" height=\"200\" srcset=\"https:\/\/vinasfm.com\/noticias\/wp-content\/uploads\/2024\/07\/IMG-20240709-WA0067-300x200.jpg 300w, https:\/\/vinasfm.com\/noticias\/wp-content\/uploads\/2024\/07\/IMG-20240709-WA0067-1024x682.jpg 1024w, https:\/\/vinasfm.com\/noticias\/wp-content\/uploads\/2024\/07\/IMG-20240709-WA0067-768x512.jpg 768w, https:\/\/vinasfm.com\/noticias\/wp-content\/uploads\/2024\/07\/IMG-20240709-WA0067-1536x1023.jpg 1536w, https:\/\/vinasfm.com\/noticias\/wp-content\/uploads\/2024\/07\/IMG-20240709-WA0067.jpg 1600w\" sizes=\"auto, (max-width: 300px) 100vw, 300px\" \/><\/a><\/p>\n<p>El Secretario sostuvo que se debe reflexionar sobre c\u00f3mo mejorar nuestra sociedad y acercarnos a una verdadera libertad, valorando nuestros logros y trabajando juntos para un futuro mejor.<br \/>\n<em><strong>\u201cMientras haya desigualdad, mientras exista la exclusi\u00f3n y la injusticia, la libertad no ser\u00e1 completa, porque nadie es absolutamente independiente si no cuenta con lo m\u00e1s fundamental, el techo, el alimento, la salud y la educaci\u00f3n. Y es por eso que las responsabilidades, las obligaciones que tenemos como individuos libres no caducan, no se acaban, no terminaron en 1.816 ni terminar\u00e1n nunca. Es preciso que en esta fecha nos impongamos una reflexi\u00f3n acerca de cu\u00e1les son las cosas que podr\u00edan mejorar nuestra democracia, hacer crecer nuestra independencia y acercarnos a una verdadera libertad. Si anhelamos ser libres, debemos fomentar nuestra autoestima como pueblo, sin caer en la soberbia. Se trata de valorar nuestros logros y estar abiertos al progreso, a la superaci\u00f3n y al aprendizaje. El trabajo sostenido y el esfuerzo en la persecuci\u00f3n de las metas puede convertir los sue\u00f1os en algo concreto\u201d<\/strong><\/em>, concluy\u00f3.<\/p>\n<p>La ma\u00f1ana tambi\u00e9n se vio enriquecida con la presentaci\u00f3n del ballet municipal, que deleit\u00f3 a los asistentes con su destreza y gracia en cada movimiento. La danza fue un homenaje art\u00edstico a nuestra identidad cultural y a la diversidad que nos caracteriza como pueblo.<\/p>\n<p><a href=\"https:\/\/vinasfm.com\/noticias\/wp-content\/uploads\/2024\/07\/IMG-20240709-WA0075.jpg\"><img loading=\"lazy\" decoding=\"async\" class=\"alignnone size-medium wp-image-137263\" src=\"https:\/\/vinasfm.com\/noticias\/wp-content\/uploads\/2024\/07\/IMG-20240709-WA0075-300x200.jpg\" alt=\"\" width=\"300\" height=\"200\" srcset=\"https:\/\/vinasfm.com\/noticias\/wp-content\/uploads\/2024\/07\/IMG-20240709-WA0075-300x200.jpg 300w, https:\/\/vinasfm.com\/noticias\/wp-content\/uploads\/2024\/07\/IMG-20240709-WA0075-1024x684.jpg 1024w, https:\/\/vinasfm.com\/noticias\/wp-content\/uploads\/2024\/07\/IMG-20240709-WA0075-768x513.jpg 768w, https:\/\/vinasfm.com\/noticias\/wp-content\/uploads\/2024\/07\/IMG-20240709-WA0075-1536x1025.jpg 1536w, https:\/\/vinasfm.com\/noticias\/wp-content\/uploads\/2024\/07\/IMG-20240709-WA0075.jpg 1600w\" sizes=\"auto, (max-width: 300px) 100vw, 300px\" \/><\/a> <a href=\"https:\/\/vinasfm.com\/noticias\/wp-content\/uploads\/2024\/07\/IMG-20240709-WA0073.jpg\"><img loading=\"lazy\" decoding=\"async\" class=\"alignnone size-medium wp-image-137264\" src=\"https:\/\/vinasfm.com\/noticias\/wp-content\/uploads\/2024\/07\/IMG-20240709-WA0073-300x200.jpg\" alt=\"\" width=\"300\" height=\"200\" srcset=\"https:\/\/vinasfm.com\/noticias\/wp-content\/uploads\/2024\/07\/IMG-20240709-WA0073-300x200.jpg 300w, https:\/\/vinasfm.com\/noticias\/wp-content\/uploads\/2024\/07\/IMG-20240709-WA0073-1024x684.jpg 1024w, https:\/\/vinasfm.com\/noticias\/wp-content\/uploads\/2024\/07\/IMG-20240709-WA0073-768x513.jpg 768w, https:\/\/vinasfm.com\/noticias\/wp-content\/uploads\/2024\/07\/IMG-20240709-WA0073-1536x1025.jpg 1536w, https:\/\/vinasfm.com\/noticias\/wp-content\/uploads\/2024\/07\/IMG-20240709-WA0073.jpg 1600w\" sizes=\"auto, (max-width: 300px) 100vw, 300px\" \/><\/a><\/p>\n<p>Al culminar el acto protocolar, se comparti\u00f3 un momento de camarader\u00eda y sabor al servir chocolate caliente y tortas fritas, tradicionales delicias que reconfortaron los corazones en esta jornada especial.<\/p>\n<p>El evento por el D\u00eda de la Independencia en la plaza principal Carlos Mar\u00eda fue un verdadero tributo a nuestra historia, nuestras ra\u00edces y nuestro compromiso con un futuro lleno de esperanza y unidad.<\/p>\n<p><strong>\u201cQue esta celebraci\u00f3n nos recuerde siempre el valor de nuestra libertad y la importancia de trabajar juntos por un pa\u00eds m\u00e1s justo y pr\u00f3spero\u00bb.<\/strong><\/p>\n","protected":false},"excerpt":{"rendered":"<p>La plaza Carlos Mar\u00eda de Alvear fue el escenario de una emotiva celebraci\u00f3n patri\u00f3tica. Autoridades locales, encabezadas por el intendente Alejandro &#8230;<\/p>\n","protected":false},"author":7,"featured_media":137260,"comment_status":"open","ping_status":"open","sticky":false,"template":"","format":"standard","meta":{"footnotes":""},"categories":[5],"tags":[],"class_list":["post-137257","post","type-post","status-publish","format-standard","has-post-thumbnail","hentry","category-actualidad"],"_links":{"self":[{"href":"https:\/\/vinasfm.com\/noticias\/wp-json\/wp\/v2\/posts\/137257","targetHints":{"allow":["GET"]}}],"collection":[{"href":"https:\/\/vinasfm.com\/noticias\/wp-json\/wp\/v2\/posts"}],"about":[{"href":"https:\/\/vinasfm.com\/noticias\/wp-json\/wp\/v2\/types\/post"}],"author":[{"embeddable":true,"href":"https:\/\/vinasfm.com\/noticias\/wp-json\/wp\/v2\/users\/7"}],"replies":[{"embeddable":true,"href":"https:\/\/vinasfm.com\/noticias\/wp-json\/wp\/v2\/comments?post=137257"}],"version-history":[{"count":2,"href":"https:\/\/vinasfm.com\/noticias\/wp-json\/wp\/v2\/posts\/137257\/revisions"}],"predecessor-version":[{"id":137265,"href":"https:\/\/vinasfm.com\/noticias\/wp-json\/wp\/v2\/posts\/137257\/revisions\/137265"}],"wp:featuredmedia":[{"embeddable":true,"href":"https:\/\/vinasfm.com\/noticias\/wp-json\/wp\/v2\/media\/137260"}],"wp:attachment":[{"href":"https:\/\/vinasfm.com\/noticias\/wp-json\/wp\/v2\/media?parent=137257"}],"wp:term":[{"taxonomy":"category","embeddable":true,"href":"https:\/\/vinasfm.com\/noticias\/wp-json\/wp\/v2\/categories?post=137257"},{"taxonomy":"post_tag","embeddable":true,"href":"https:\/\/vinasfm.com\/noticias\/wp-json\/wp\/v2\/tags?post=137257"}],"curies":[{"name":"wp","href":"https:\/\/api.w.org\/{rel}","templated":true}]}}