{"id":137235,"date":"2024-07-09T10:08:31","date_gmt":"2024-07-09T13:08:31","guid":{"rendered":"https:\/\/vinasfm.com\/noticias\/?p=137235"},"modified":"2024-07-10T09:48:39","modified_gmt":"2024-07-10T12:48:39","slug":"postales-el-teatro-antonio-lafalla-fue-el-escenario-de-la-velada-patriotica-por-el-dia-de-la-independencia","status":"publish","type":"post","link":"https:\/\/vinasfm.com\/noticias\/postales-el-teatro-antonio-lafalla-fue-el-escenario-de-la-velada-patriotica-por-el-dia-de-la-independencia\/","title":{"rendered":"POSTALES: EL TEATRO ANTONIO LAFALLA FUE EL ESCENARIO DE LA VELADA PATRI\u00d3TICA POR EL D\u00cdA DE LA INDEPENDENCIA"},"content":{"rendered":"<h4>En v\u00edsperas de un nuevo aniversario de la Independencia Argentina, la Orquesta Filarm\u00f3nica de General Alvear y el Ballet Municipal brindaron un emotivo espect\u00e1culo en el Teatro Antonio Lafalla. Este martes, a las 11:00 horas, la Plaza Carlos Mar\u00eda de Alvear ser\u00e1 el escenario del Acto Oficial.<\/h4>\n<p>Celebramos un nuevo aniversario del D\u00eda de la Independencia de nuestro pa\u00eds y recordamos aquel 9 de julio de 1816 cuando un grupo de representantes de las Provincias Unidas, <strong>reunidos en Congreso General Constituyente en la Ciudad de San Miguel de Tucum\u00e1n, firmaron el Acta de Declaraci\u00f3n de la Independencia.\u00a0<\/strong><\/p>\n<p>Este acontecimiento <strong>signific\u00f3 el quiebre definitivo con los lazos de subordinaci\u00f3n con la monarqu\u00eda espa\u00f1ola<\/strong> y la manifestaci\u00f3n de renuncia a toda forma de dominaci\u00f3n extranjera.<\/p>\n<h2>VELADA DE GALA<\/h2>\n<p><img loading=\"lazy\" decoding=\"async\" class=\"\" src=\"https:\/\/scontent.fcor13-2.fna.fbcdn.net\/v\/t39.30808-6\/450410401_788836653446608_6077144632921673166_n.jpg?_nc_cat=103&amp;ccb=1-7&amp;_nc_sid=833d8c&amp;_nc_eui2=AeEJcuXFyLpqO-fsurfq6XPJtbZfK7h8yxu1tl8ruHzLG4jvL_znAWLhdKDL0uYj2jjhZuiMStr4nt-_BLAnmnfo&amp;_nc_ohc=ep2K6F_S2jQQ7kNvgE7znjO&amp;_nc_ht=scontent.fcor13-2.fna&amp;oh=00_AYAgL9x9O3DvYF82YAKC33uRGA-HJyRbCD21RcOT7LpBVQ&amp;oe=669304A5\" alt=\"Puede ser una imagen de altavoz e iluminaci\u00f3n\" width=\"490\" height=\"327\" \/> <img loading=\"lazy\" decoding=\"async\" class=\"\" src=\"https:\/\/scontent.fcor13-1.fna.fbcdn.net\/v\/t39.30808-6\/450402118_788836673446606_8150663945369792924_n.jpg?_nc_cat=104&amp;ccb=1-7&amp;_nc_sid=833d8c&amp;_nc_eui2=AeG7NjCpACb285d_S5bwFngecLr0qAUNaiFwuvSoBQ1qIZPbXzU-SSRTpzpqkz7i6XdLd7Fz5GA2KPZQgisAZBwo&amp;_nc_ohc=kOnTuqFVlpYQ7kNvgHai-fI&amp;_nc_ht=scontent.fcor13-1.fna&amp;oh=00_AYCup3xb121uXW26ksZ12QywgmRBVTGZj70gzKjG6ycy6w&amp;oe=669312D2\" alt=\"Puede ser una imagen de 10 personas y personas bailando\" width=\"492\" height=\"328\" \/><\/p>\n<p><img loading=\"lazy\" decoding=\"async\" class=\"\" src=\"https:\/\/scontent.fcor13-1.fna.fbcdn.net\/v\/t39.30808-6\/450396465_788837003446573_3113602091070241843_n.jpg?_nc_cat=109&amp;ccb=1-7&amp;_nc_sid=833d8c&amp;_nc_eui2=AeFhJ8GoUYdFsQkvWXdg5W3uthIooTwMk7S2EiihPAyTtMjmnN2LIqoAhzTIBMXRb_dVuSoCb2dXJ4t5mrmBZiUa&amp;_nc_ohc=C95LKBJWYWkQ7kNvgF3gidO&amp;_nc_ht=scontent.fcor13-1.fna&amp;oh=00_AYDGDt3WudGRFLqowggIG9_gLAP8GokgCJCcC87lUS7opg&amp;oe=66932380\" alt=\"Puede ser una imagen de 5 personas, viol\u00edn, clarinete, oboe y flauta\" width=\"485\" height=\"324\" \/> <img loading=\"lazy\" decoding=\"async\" class=\"\" src=\"https:\/\/scontent.fcor13-1.fna.fbcdn.net\/v\/t39.30808-6\/450546087_788836976779909_7052912122764930344_n.jpg?_nc_cat=101&amp;ccb=1-7&amp;_nc_sid=833d8c&amp;_nc_eui2=AeGZZN8mZNBle6QTn_U-YGxePuJ1QElMcag-4nVASUxxqFPfxxkWC0X_tS6GiSCqXME1Siwixxm4-KbF3vckY5qY&amp;_nc_ohc=TgeaRX8pnlEQ7kNvgFE5lJC&amp;_nc_ht=scontent.fcor13-1.fna&amp;oh=00_AYAoidpFNllFuA_I1Vh8FDIZdxem0gjRwxYDXjZyOqCDhA&amp;oe=6692F27A\" alt=\"Puede ser una imagen de 5 personas, personas bailando y viol\u00edn\" width=\"485\" height=\"323\" \/><\/p>\n<p><img loading=\"lazy\" decoding=\"async\" class=\"\" src=\"https:\/\/scontent.fcor13-2.fna.fbcdn.net\/v\/t39.30808-6\/450397155_788836873446586_1144366160142285220_n.jpg?_nc_cat=108&amp;ccb=1-7&amp;_nc_sid=833d8c&amp;_nc_eui2=AeFFhWS76cyi2d2zCDQZ7O3WkSlZQWDJibmRKVlBYMmJuVY5JuF8DE85gCziXfFlmS3kaqTtxx5ZjnkN64vl1tnD&amp;_nc_ohc=QJastZvSTd4Q7kNvgE-h1hE&amp;_nc_ht=scontent.fcor13-2.fna&amp;oh=00_AYDx8NLBhywnvGV3K6F7OnquoAZIG56jWmB4RM8tZETSBQ&amp;oe=66931975\" alt=\"Puede ser una imagen de 1 persona y viol\u00edn\" width=\"485\" height=\"323\" \/> <img loading=\"lazy\" decoding=\"async\" class=\"\" src=\"https:\/\/scontent.fcor13-2.fna.fbcdn.net\/v\/t39.30808-6\/450485250_788836683446605_1270066348034161209_n.jpg?_nc_cat=105&amp;ccb=1-7&amp;_nc_sid=833d8c&amp;_nc_eui2=AeGHwHoPSD8A8jeG1gQlLM6AsAAK2rGF9sCwAArasYX2wL5rUd8RvSb686yOnhSBkDzfAcdy2uKz75i4zHy5Wlay&amp;_nc_ohc=r64VLjpvgqcQ7kNvgGZn-Z5&amp;_nc_ht=scontent.fcor13-2.fna&amp;oh=00_AYAFf_HpViLaONRiXylw9tvOumDAf64-X0dEuTyVRwC9HA&amp;oe=669318C9\" alt=\"Puede ser una imagen de 7 personas, viol\u00edn, clarinete, saxof\u00f3n, oboe y trompeta\" width=\"485\" height=\"323\" \/><\/p>\n<p><img loading=\"lazy\" decoding=\"async\" class=\"\" src=\"https:\/\/scontent.fcor13-1.fna.fbcdn.net\/v\/t39.30808-6\/450390302_788836906779916_7135687803287477461_n.jpg?_nc_cat=111&amp;ccb=1-7&amp;_nc_sid=833d8c&amp;_nc_eui2=AeEZkDtKnkDWK3sNuhsM59KhDKiF6qjbLWYMqIXqqNstZjf9kIaMwBVgmJBGff07jfV8_hzUBtuhIUvScQWq6Zj3&amp;_nc_ohc=M-0NV3XvmUkQ7kNvgGXoweV&amp;_nc_ht=scontent.fcor13-1.fna&amp;oh=00_AYBkpZ8aNdQL4rI5aOTA5CG2gGDVKRmW3nbG9yUCDCr5OQ&amp;oe=6692FC85\" alt=\"Puede ser una imagen de 3 personas, clarinete, oboe y flauta\" width=\"485\" height=\"323\" \/> <img loading=\"lazy\" decoding=\"async\" class=\"\" src=\"https:\/\/scontent.fcor13-2.fna.fbcdn.net\/v\/t39.30808-6\/450546721_788836920113248_4735144992869090119_n.jpg?_nc_cat=102&amp;ccb=1-7&amp;_nc_sid=833d8c&amp;_nc_eui2=AeH-wn-bMlmyluCwQ6duXyCl92cAzEcM3Yv3ZwDMRwzdi1XKI4AdNT0Bns3EicAlzRj5nq_spkXyDcnLWNIS3CaP&amp;_nc_ohc=3pQyV_xfgTUQ7kNvgGdto8w&amp;_nc_ht=scontent.fcor13-2.fna&amp;oh=00_AYC1J1h-tHAU_2MFO0e1YpwNxpEfixSxx_OfK3fECWLg8A&amp;oe=66930DC1\" alt=\"Puede ser una imagen de 6 personas\" width=\"485\" height=\"323\" \/><\/p>\n","protected":false},"excerpt":{"rendered":"<p>En v\u00edsperas de un nuevo aniversario de la Independencia Argentina, la Orquesta Filarm\u00f3nica de General Alvear y el Ballet Municipal brindaron &#8230;<\/p>\n","protected":false},"author":7,"featured_media":137237,"comment_status":"open","ping_status":"open","sticky":false,"template":"","format":"standard","meta":{"footnotes":""},"categories":[5,11],"tags":[],"class_list":["post-137235","post","type-post","status-publish","format-standard","has-post-thumbnail","hentry","category-actualidad","category-sociales"],"_links":{"self":[{"href":"https:\/\/vinasfm.com\/noticias\/wp-json\/wp\/v2\/posts\/137235","targetHints":{"allow":["GET"]}}],"collection":[{"href":"https:\/\/vinasfm.com\/noticias\/wp-json\/wp\/v2\/posts"}],"about":[{"href":"https:\/\/vinasfm.com\/noticias\/wp-json\/wp\/v2\/types\/post"}],"author":[{"embeddable":true,"href":"https:\/\/vinasfm.com\/noticias\/wp-json\/wp\/v2\/users\/7"}],"replies":[{"embeddable":true,"href":"https:\/\/vinasfm.com\/noticias\/wp-json\/wp\/v2\/comments?post=137235"}],"version-history":[{"count":3,"href":"https:\/\/vinasfm.com\/noticias\/wp-json\/wp\/v2\/posts\/137235\/revisions"}],"predecessor-version":[{"id":137243,"href":"https:\/\/vinasfm.com\/noticias\/wp-json\/wp\/v2\/posts\/137235\/revisions\/137243"}],"wp:featuredmedia":[{"embeddable":true,"href":"https:\/\/vinasfm.com\/noticias\/wp-json\/wp\/v2\/media\/137237"}],"wp:attachment":[{"href":"https:\/\/vinasfm.com\/noticias\/wp-json\/wp\/v2\/media?parent=137235"}],"wp:term":[{"taxonomy":"category","embeddable":true,"href":"https:\/\/vinasfm.com\/noticias\/wp-json\/wp\/v2\/categories?post=137235"},{"taxonomy":"post_tag","embeddable":true,"href":"https:\/\/vinasfm.com\/noticias\/wp-json\/wp\/v2\/tags?post=137235"}],"curies":[{"name":"wp","href":"https:\/\/api.w.org\/{rel}","templated":true}]}}