{"id":137205,"date":"2024-07-08T12:13:05","date_gmt":"2024-07-08T15:13:05","guid":{"rendered":"https:\/\/vinasfm.com\/noticias\/?p=137205"},"modified":"2024-07-09T10:34:46","modified_gmt":"2024-07-09T13:34:46","slug":"diputados-convocaron-a-vargas-arizu-para-brindar-explicaciones-sobre-el-levantamiento-de-la-lucha-anti-granizo-y-que-sistema-se-implementara-en-adelante","status":"publish","type":"post","link":"https:\/\/vinasfm.com\/noticias\/diputados-convocaron-a-vargas-arizu-para-brindar-explicaciones-sobre-el-levantamiento-de-la-lucha-anti-granizo-y-que-sistema-se-implementara-en-adelante\/","title":{"rendered":"DIPUTADOS CONVOCARON A VARGAS ARIZU PARA BRINDAR EXPLICACIONES SOBRE EL LEVANTAMIENTO DE LA LUCHA ANTI GRANIZO Y QU\u00c9 SISTEMA SE IMPLEMENTAR\u00c1 EN ADELANTE"},"content":{"rendered":"<h4><span style=\"color: #000000;\">En un Resoluci\u00f3n que tiene como autor al diputado de LAUM Jorde Difonso, acompa\u00f1ado de Rolando Scanio, solicitan la asistencia del Ministro de Producci\u00f3n de Mendoza a la Honorable C\u00e1mara de Diputados.\u00a0<\/span><\/h4>\n<p><span style=\"color: #000000;\">En sus fundamentos, los diputados se\u00f1alan que en las semanas anteriores se anuncio la eliminacion del sistema de lucha antigranizo activo, mediante el uso de aviones y es por eso que la mencionada C\u00e1mara <em><strong>\u00abdeber\u00eda conocer cual es el sistema a implementar en adelante, incluso si se desarrollara un programa de colocacion de malla antigranizo evaluar costos y plazos\u00bb.<\/strong><\/em><\/span><\/p>\n<p><span style=\"color: #000000;\">El Sr. Gobernador Alfredo Cornejo se refiri\u00f3 a la Lucha Antigranizo como un <strong><em>\u00abmito, como la cruz de sal\u00bb<\/em><\/strong>, estas despectias palabras fueron levantadas por distintos medios provinciales e incluso nacionales.\u00a0<\/span><\/p>\n<p><span style=\"color: #000000;\">En el comuento que lleva la firma de Difonso, lo diputados de LAUM enfatizan en que <em><strong>\u00abel supuesto plan de sustituci\u00f3n del sistema de mitigaci\u00f3n de granizo con aeronaves, por la instalaci\u00f3n de mallas, contradice los propios dichos de Serio Moralejo, Subsecretario de Agricultura, quien expres\u00f3 categ\u00f3ricamente <\/strong>&#8216;Por tanto, si tenemos que el costo de la malla es de $300.000 millones y por a\u00f1o invertimos $2.000 millones, entonces tardar\u00edamos 150 a\u00f1os en poder cubrir con malla esas 200.000 hect\u00e1reas. Eso en una econom\u00eda estable. Si lo estimamos contemplando la inflaci\u00f3n no lo podr\u00edan ver ni las terceras generaciones que nos sucedan&#8217;<strong>\u00ab.<\/strong><\/em><\/span><\/p>\n<p><span style=\"color: #000000;\">En su fin, el documento apunt\u00f3 contra las recientes medidas tomadas por el gobierno de Cornejo<em><strong>. \u00abLa gobernanza y buenas pr\u00e1cticas a las que aspira el Gobierno provincial y de las que hace gala, en la organizaci\u00f3n burocr\u00e1tica de la provincia, no resultan m\u00e1s que un eslogan publicitario que, en la pr\u00e1ctica, carece de elementos esenciales como la transparencia, publicidad y debida participaci\u00f3n de la sociedad mendocina\u00bb.\u00a0<\/strong><\/em><\/span><\/p>\n<p><a href=\"https:\/\/vinasfm.com\/noticias\/wp-content\/uploads\/2024\/01\/rodolfo-vargas-arizu-cambia-mendozajpg.webp\"><img loading=\"lazy\" decoding=\"async\" class=\"alignnone wp-image-131651\" src=\"https:\/\/vinasfm.com\/noticias\/wp-content\/uploads\/2024\/01\/rodolfo-vargas-arizu-cambia-mendozajpg-1024x597.webp\" alt=\"\" width=\"500\" height=\"292\" srcset=\"https:\/\/vinasfm.com\/noticias\/wp-content\/uploads\/2024\/01\/rodolfo-vargas-arizu-cambia-mendozajpg-1024x597.webp 1024w, https:\/\/vinasfm.com\/noticias\/wp-content\/uploads\/2024\/01\/rodolfo-vargas-arizu-cambia-mendozajpg-300x175.webp 300w, https:\/\/vinasfm.com\/noticias\/wp-content\/uploads\/2024\/01\/rodolfo-vargas-arizu-cambia-mendozajpg-768x448.webp 768w, https:\/\/vinasfm.com\/noticias\/wp-content\/uploads\/2024\/01\/rodolfo-vargas-arizu-cambia-mendozajpg.webp 1200w\" sizes=\"auto, (max-width: 500px) 100vw, 500px\" \/><\/a><\/p>\n<h6>Lic. Rodolfo Vargas Arizu, Ministro de Producci\u00f3n.<\/h6>\n<p>&nbsp;<\/p>\n<p><span style=\"color: #000000;\">La Honorable C\u00e1mara de Diputados de Mendoza resolvi\u00f3 <strong>citar al Sr. Ministro de Producci\u00f3n de la provincia, Lic. Rodolfo Vargas Arizu para que, en el plazo de setenta y dos horas (72h) de aprobado el presente, concurra al recinto de esta Honorable C\u00e1mara de Diputados para su formal interpelaci\u00f3n y, a fin de que brinde explicaciones verbales y documentadas, sobre el accionar del Ministerio a su cargo.<\/strong><\/span><\/p>\n<p><span style=\"color: #000000;\"><strong>En particular, el ministro deber\u00e1 brindar aclaraciones en torno a:<\/strong><\/span><\/p>\n<ul>\n<li><span style=\"color: #000000;\">\u00a0Fundamentos que basamentan la decisi\u00f3n adoptada y plan de contingencia ideado, frente a los posibles da\u00f1os que puedan acaecer por tormentas de granizo y que puedan afectar la producci\u00f3n, la salud y\/o el patrimonio de los mendocinos, para la presente temporada y las temporadas venideras.<\/span><\/li>\n<li><span style=\"color: #000000;\">Detalle del costo operativo real del sistema de lucha antigranizo y de la evaluaci\u00f3n t\u00e9cnica y econ\u00f3mica realizada;<\/span><\/li>\n<li><span style=\"color: #000000;\">Detalle del c\u00e1lculo estimado del beneficio econ\u00f3mico anual, aportado por la lucha antigranizo, por hect\u00e1rea.<\/span><\/li>\n<li><span style=\"color: #000000;\">Detalle de las razones por la cuales la empresa Aeron\u00e1utica Mendoza Sociedad An\u00f3nima con Participaci\u00f3n Estatal Mayoritaria, s\u00f3lo estuvo afectada a funciones de lucha antigranizo, pese a contar con habilitaci\u00f3n legal, recursos materiales y humanos, para desarrollar diversas actividades en beneficio de la provincia.<\/span><\/li>\n<li><span style=\"color: #000000;\">Detalle del plan de sustituci\u00f3n por mallas antigranizo con expresa indicaci\u00f3n de la cantidad de hect\u00e1reas que se pretenden cubrir, para la temporada pr\u00f3xima.<\/span><\/li>\n<li><span style=\"color: #000000;\">Menci\u00f3n de la cantidad de productores que se encuentran en condiciones reales y efectivas de ser beneficiados por un eventual sistema de cr\u00e9ditos.<\/span><\/li>\n<li><span style=\"color: #000000;\">Situacion actual y futura de I.D.R. y del I.D.C.<\/span><\/li>\n<li><span style=\"color: #000000;\">Situacion sistemas de riego en la provincia y tramintes coordinados con Irrigacion. Intervenci\u00f3n en el proyecto de nuevo c\u00f3digo de aguas.<\/span><\/li>\n<li><span style=\"color: #000000;\">Seguro agricola: aplicacion y resultados<\/span><\/li>\n<li><span style=\"color: #000000;\">Gestion de caminos rurales en nuestra provincia.<\/span><\/li>\n<li><span style=\"color: #000000;\">Fundamentos de la intencion de derogar la ley 9133 de contratos de produccion e industria. Tramites y gestiones de cobro actual.<\/span><\/li>\n<li><span style=\"color: #000000;\">Situacion actual y futura del ISCAMEN.<\/span><\/li>\n<li><span style=\"color: #000000;\">Acciones respecto de la actividad minera de la provincia,<\/span><\/li>\n<li><span style=\"color: #000000;\">Toda otra informaci\u00f3n que se estime pertinente, y que sea motivo de interpelaci\u00f3n, para ampliar lo aqu\u00ed requerido.<\/span><\/li>\n<\/ul>\n","protected":false},"excerpt":{"rendered":"<p>En un Resoluci\u00f3n que tiene como autor al diputado de LAUM Jorde Difonso, acompa\u00f1ado de Rolando Scanio, solicitan la asistencia del &#8230;<\/p>\n","protected":false},"author":7,"featured_media":131051,"comment_status":"open","ping_status":"open","sticky":false,"template":"","format":"standard","meta":{"footnotes":""},"categories":[5,45],"tags":[],"class_list":["post-137205","post","type-post","status-publish","format-standard","has-post-thumbnail","hentry","category-actualidad","category-diputados"],"_links":{"self":[{"href":"https:\/\/vinasfm.com\/noticias\/wp-json\/wp\/v2\/posts\/137205","targetHints":{"allow":["GET"]}}],"collection":[{"href":"https:\/\/vinasfm.com\/noticias\/wp-json\/wp\/v2\/posts"}],"about":[{"href":"https:\/\/vinasfm.com\/noticias\/wp-json\/wp\/v2\/types\/post"}],"author":[{"embeddable":true,"href":"https:\/\/vinasfm.com\/noticias\/wp-json\/wp\/v2\/users\/7"}],"replies":[{"embeddable":true,"href":"https:\/\/vinasfm.com\/noticias\/wp-json\/wp\/v2\/comments?post=137205"}],"version-history":[{"count":1,"href":"https:\/\/vinasfm.com\/noticias\/wp-json\/wp\/v2\/posts\/137205\/revisions"}],"predecessor-version":[{"id":137208,"href":"https:\/\/vinasfm.com\/noticias\/wp-json\/wp\/v2\/posts\/137205\/revisions\/137208"}],"wp:featuredmedia":[{"embeddable":true,"href":"https:\/\/vinasfm.com\/noticias\/wp-json\/wp\/v2\/media\/131051"}],"wp:attachment":[{"href":"https:\/\/vinasfm.com\/noticias\/wp-json\/wp\/v2\/media?parent=137205"}],"wp:term":[{"taxonomy":"category","embeddable":true,"href":"https:\/\/vinasfm.com\/noticias\/wp-json\/wp\/v2\/categories?post=137205"},{"taxonomy":"post_tag","embeddable":true,"href":"https:\/\/vinasfm.com\/noticias\/wp-json\/wp\/v2\/tags?post=137205"}],"curies":[{"name":"wp","href":"https:\/\/api.w.org\/{rel}","templated":true}]}}