{"id":137190,"date":"2024-07-08T10:13:24","date_gmt":"2024-07-08T13:13:24","guid":{"rendered":"https:\/\/vinasfm.com\/noticias\/?p=137190"},"modified":"2024-07-08T10:13:24","modified_gmt":"2024-07-08T13:13:24","slug":"10-de-septiembre-realiza-una-gran-venta-de-empanadas-para-saldar-una-importante-deuda","status":"publish","type":"post","link":"https:\/\/vinasfm.com\/noticias\/10-de-septiembre-realiza-una-gran-venta-de-empanadas-para-saldar-una-importante-deuda\/","title":{"rendered":"10 DE SEPTIEMBRE REALIZA UNA GRAN VENTA DE EMPANADAS PARA SALDAR UNA IMPORTANTE DEUDA"},"content":{"rendered":"<p><span style=\"color: #000000;\"><strong>El objetivo es recaudar fondos para poder saldar de la segunda cuota de una gran deuda que tienen desde hace 12 a\u00f1os.<\/strong><\/span><\/p>\n<p><span style=\"color: #000000;\">Lisandro Di Paolo, presidente del Tricolor, explic\u00f3 que <strong><em>\u00abla cocina del Trico viene trabajando arduamente para poder saldar esta deuda con Aysam\u00bb.<\/em><\/strong> Fue en el mes de mayo que el club realiz\u00f3 una venta de locro con la que pudieron pagar la primera cuota y los honorarios de los abogados, este fin de semana realizaran una venta de empanadas crudas ($5.000) con la que esperan poder pagar la segunda cuota.<\/span><\/p>\n<p><span style=\"color: #000000;\">Sobre la deuda, Di Paolo se\u00f1al\u00f3 que <strong><em>\u00aben el a\u00f1o 2012, el club dej\u00f3 de pagar ya que la comisi\u00f3n no estaba en funcionamiento. En el a\u00f1o 2018 la deuda acumulada lleg\u00f3 a un estudio de abogado y nosotros conocimos la situaci\u00f3n mucho tiempo despu\u00e9s\u00bb.<\/em><\/strong> Si bien Lisandro asumi\u00f3 la direcci\u00f3n del Club 10 de Septiembre en el a\u00f1o 2019, se\u00f1al\u00f3 que \u00ab<strong><em>fue necesario ponernos a trabajar de inmediato porque estaba en riesgo perder parte del terreno del club\u00bb.<\/em><\/strong> El monto original llegaba a los 5.000.000\u00a0 de pesos, pero gracias a descuesto logrados se pudo disminuirla y hoy ronda los 3.000.000 de pesos.\u00a0<\/span><\/p>\n<p><span style=\"color: #000000;\">Seg\u00fan se\u00f1al\u00f3 el dirigente, en el mes de agosto corresponde saldar la tercera cuota de esta deuda. Para ello, se planea continuar realizando actividades como esta, as\u00ed como tambi\u00e9n se realizar\u00e1 una pe\u00f1a folcl\u00f3rica en el sal\u00f3n del club. <strong><em>\u00abTenemos que buscar la forma de la lograr saldar la millonaria deuda y afortunadamente los vecinos de General Alvear han colaborado\u00bb<\/em><\/strong>, concluy\u00f3 Lisandro Di Paolo.\u00a0<\/span><\/p>\n","protected":false},"excerpt":{"rendered":"<p>El objetivo es recaudar fondos para poder saldar de la segunda cuota de una gran deuda que tienen desde hace 12 &#8230;<\/p>\n","protected":false},"author":7,"featured_media":137197,"comment_status":"open","ping_status":"open","sticky":false,"template":"","format":"standard","meta":{"footnotes":""},"categories":[1],"tags":[],"class_list":["post-137190","post","type-post","status-publish","format-standard","has-post-thumbnail","hentry","category-fmvinas"],"_links":{"self":[{"href":"https:\/\/vinasfm.com\/noticias\/wp-json\/wp\/v2\/posts\/137190","targetHints":{"allow":["GET"]}}],"collection":[{"href":"https:\/\/vinasfm.com\/noticias\/wp-json\/wp\/v2\/posts"}],"about":[{"href":"https:\/\/vinasfm.com\/noticias\/wp-json\/wp\/v2\/types\/post"}],"author":[{"embeddable":true,"href":"https:\/\/vinasfm.com\/noticias\/wp-json\/wp\/v2\/users\/7"}],"replies":[{"embeddable":true,"href":"https:\/\/vinasfm.com\/noticias\/wp-json\/wp\/v2\/comments?post=137190"}],"version-history":[{"count":1,"href":"https:\/\/vinasfm.com\/noticias\/wp-json\/wp\/v2\/posts\/137190\/revisions"}],"predecessor-version":[{"id":137193,"href":"https:\/\/vinasfm.com\/noticias\/wp-json\/wp\/v2\/posts\/137190\/revisions\/137193"}],"wp:featuredmedia":[{"embeddable":true,"href":"https:\/\/vinasfm.com\/noticias\/wp-json\/wp\/v2\/media\/137197"}],"wp:attachment":[{"href":"https:\/\/vinasfm.com\/noticias\/wp-json\/wp\/v2\/media?parent=137190"}],"wp:term":[{"taxonomy":"category","embeddable":true,"href":"https:\/\/vinasfm.com\/noticias\/wp-json\/wp\/v2\/categories?post=137190"},{"taxonomy":"post_tag","embeddable":true,"href":"https:\/\/vinasfm.com\/noticias\/wp-json\/wp\/v2\/tags?post=137190"}],"curies":[{"name":"wp","href":"https:\/\/api.w.org\/{rel}","templated":true}]}}