{"id":137171,"date":"2024-07-07T12:46:57","date_gmt":"2024-07-07T15:46:57","guid":{"rendered":"https:\/\/vinasfm.com\/noticias\/?p=137171"},"modified":"2024-07-09T09:49:41","modified_gmt":"2024-07-09T12:49:41","slug":"robaron-una-camioneta-dinero-en-efectivo-y-otras-pertenencias-en-dun-vivienda-ubicada-en-inmediaciones-de-calle-4-y-f","status":"publish","type":"post","link":"https:\/\/vinasfm.com\/noticias\/robaron-una-camioneta-dinero-en-efectivo-y-otras-pertenencias-en-dun-vivienda-ubicada-en-inmediaciones-de-calle-4-y-f\/","title":{"rendered":"ROBARON UNA CAMIONETA, DINERO EN EFECTIVO Y OTRAS PERTENENCIAS EN UNA VIVIENDA UBICADA EN INMEDIACIONES DE CALLE 4 Y F"},"content":{"rendered":"<h4>Los delincuentes ingresaron al inmueble portando un arma de fuego.<\/h4>\n<p>Siendo las 22:00 horas del d\u00eda s\u00e1bado, se toma conocimiento de un il\u00edcito en un inmueble ubicado en la <strong>intersecci\u00f3n de Calles 4 y F.<\/strong><\/p>\n<p>La v\u00edctima dio cuenta que arribaron al domicilio <strong>3 sujetos encapuchados<\/strong> los cuales aducen arribar en nombre un tercero. A posterior, <strong>amenazan a las v\u00edctimas con un arma de fuego y sustraen dinero en efectivo, una camioneta marca Toyota y dem\u00e1s pertenencias.<\/strong><\/p>\n<p>Momentos m\u00e1s tarde, <strong>la camioneta fue encontrada en las condiciones en las que fue sustra\u00edda.<\/strong> Personal policial contin\u00faa trabajando con las medidas pertinentes a fin de esclarecer el hecho.<\/p>\n","protected":false},"excerpt":{"rendered":"<p>Los delincuentes ingresaron al inmueble portando un arma de fuego. Siendo las 22:00 horas del d\u00eda s\u00e1bado, se toma conocimiento de &#8230;<\/p>\n","protected":false},"author":7,"featured_media":137174,"comment_status":"open","ping_status":"open","sticky":false,"template":"","format":"standard","meta":{"footnotes":""},"categories":[5,4],"tags":[],"class_list":["post-137171","post","type-post","status-publish","format-standard","has-post-thumbnail","hentry","category-actualidad","category-policiales"],"_links":{"self":[{"href":"https:\/\/vinasfm.com\/noticias\/wp-json\/wp\/v2\/posts\/137171","targetHints":{"allow":["GET"]}}],"collection":[{"href":"https:\/\/vinasfm.com\/noticias\/wp-json\/wp\/v2\/posts"}],"about":[{"href":"https:\/\/vinasfm.com\/noticias\/wp-json\/wp\/v2\/types\/post"}],"author":[{"embeddable":true,"href":"https:\/\/vinasfm.com\/noticias\/wp-json\/wp\/v2\/users\/7"}],"replies":[{"embeddable":true,"href":"https:\/\/vinasfm.com\/noticias\/wp-json\/wp\/v2\/comments?post=137171"}],"version-history":[{"count":2,"href":"https:\/\/vinasfm.com\/noticias\/wp-json\/wp\/v2\/posts\/137171\/revisions"}],"predecessor-version":[{"id":137204,"href":"https:\/\/vinasfm.com\/noticias\/wp-json\/wp\/v2\/posts\/137171\/revisions\/137204"}],"wp:featuredmedia":[{"embeddable":true,"href":"https:\/\/vinasfm.com\/noticias\/wp-json\/wp\/v2\/media\/137174"}],"wp:attachment":[{"href":"https:\/\/vinasfm.com\/noticias\/wp-json\/wp\/v2\/media?parent=137171"}],"wp:term":[{"taxonomy":"category","embeddable":true,"href":"https:\/\/vinasfm.com\/noticias\/wp-json\/wp\/v2\/categories?post=137171"},{"taxonomy":"post_tag","embeddable":true,"href":"https:\/\/vinasfm.com\/noticias\/wp-json\/wp\/v2\/tags?post=137171"}],"curies":[{"name":"wp","href":"https:\/\/api.w.org\/{rel}","templated":true}]}}