{"id":137137,"date":"2024-07-05T10:25:19","date_gmt":"2024-07-05T13:25:19","guid":{"rendered":"https:\/\/vinasfm.com\/noticias\/?p=137137"},"modified":"2024-07-08T08:14:22","modified_gmt":"2024-07-08T11:14:22","slug":"gasoducto-otra-decision-judicial-le-da-la-razon-a-san-rafael-para-que-la-nacion-termine-la-obra","status":"publish","type":"post","link":"https:\/\/vinasfm.com\/noticias\/gasoducto-otra-decision-judicial-le-da-la-razon-a-san-rafael-para-que-la-nacion-termine-la-obra\/","title":{"rendered":"GASODUCTO: OTRA DECISI\u00d3N JUDICIAL LE DA LA RAZ\u00d3N A SAN RAFAEL PARA QUE LA NACI\u00d3N TERMINE LA OBRA"},"content":{"rendered":"<h4><span class=\"sigijh_hlt sigijh_animateMe\" style=\"color: #000000;\">La C\u00e1mara Federal de Apelaciones de Mendoza ratific\u00f3 la medida cautelar dictada por el Juzgado Federal de San Rafael que orden\u00f3 la preservaci\u00f3n de lo ejecutado del gasoducto \u00abGasAndes\u00bb y el env\u00edo de los fondos necesarios para su conclusi\u00f3n.<\/span><\/h4>\n<p><span style=\"color: #000000;\">El tribunal de alzada rechaz\u00f3, en las \u00faltimas horas, un recurso de queja efectuado por el Estado Nacional tras lo resuelto en primera instancia por el juez federal de San Rafael Eduardo Puigd\u00e9ngolas. En ese sentido, determin\u00f3 que la apelaci\u00f3n planteada por Naci\u00f3n a la cautelar tiene car\u00e1cter \u00abdevolutivo\u00bb y no \u00absuspensivo\u00bb. Por tanto, mientras se discuta tanto la cautelar en s\u00ed como el fondo de la cuesti\u00f3n (si el decreto que par\u00f3 la obra es inconstitucional), el gobierno del presidente Milei debe cumplir con lo ordenado por Puigd\u00e9ngolas.<\/span><\/p>\n<p><span style=\"color: #000000;\">De esa forma, se mantiene vigente la manda judicial que establece preservar los fondos destinados previamente a la obra, conservar los activos ya ejecutados del gasoducto y transferir los fondos de la adenda suscripta en noviembre pasado para concluir la inversi\u00f3n antes mencionada.<\/span><br \/>\n<span class=\"sigijh_hlt\" style=\"color: #000000;\">Hace exactamente un mes, la Provincia firm\u00f3 un acuerdo de colaboraci\u00f3n con el gobierno nacional para continuar con la ejecuci\u00f3n de obras p\u00fablicas en Mendoza. All\u00ed, se estableci\u00f3 que Naci\u00f3n seguir\u00eda financiando obras como el sistema Cristo Redentor, la ruta 7 entre San Mart\u00edn y la intersecci\u00f3n con la ruta nacional 40 y a Doble V\u00eda en San Juan. Sin embargo, Naci\u00f3n no avanz\u00f3 ni dio se\u00f1ales sobre el gasoducto, a pesar de estar al 90% de ejecuci\u00f3n.<\/span><\/p>\n<p><span style=\"color: #000000;\">En tanto, esta semana, el Ministerio de Econom\u00eda que encabeza Luis Caputo confeccion\u00f3 un listado de 376 obras p\u00fablicas que considera prioritarias y, por lo tanto, ser\u00e1n ejecutadas en un plazo de hasta 36 meses en todo el pa\u00eds. En esa lista tampoco figura el gasoducto.<\/span><\/p>\n<h2><span style=\"color: #000000;\"><strong>Una obra clave y una historia de dilaciones<br \/>\n<\/strong><\/span><\/h2>\n<p><span style=\"color: #000000;\">La falta de gas natural en el sur mendocino es una problem\u00e1tica que se fue agravando con el correr de los a\u00f1os al punto tal que no hay factibilidad para nuevas conexiones desde 2016, aunque la red pase por la puerta de la casa.<\/span><\/p>\n<p><span style=\"color: #000000;\">La obra de conexi\u00f3n al gasoducto de GasAndes iba a permitir aliviar un sistema colapsado por la demanda y habilitar el ingreso de 26.600 nuevos usuarios (residenciales o industriales) entre San Rafael y Alvear.<\/span><\/p>\n<p><span class=\"sigijh_hlt sigijh_animateMe\" style=\"color: #000000;\">En noviembre de 2020 el por entonces intendente Emir F\u00e9lix, firm\u00f3 un acuerdo con la Secretar\u00eda de Energ\u00eda de la Naci\u00f3n y hacia mitad de 2021 se hizo oficial el inicio de obra con la licitaci\u00f3n para comprar los materiales. Los trabajos en el terreno comenzaron en 2022 y el plazo de ejecuci\u00f3n previsto inicialmente era de 18 meses.<\/span><\/p>\n<p><span style=\"color: #000000;\">Con la llegada de Milei a la presidencia, en diciembre de 2023, la obra p\u00fablica qued\u00f3 totalmente paralizada y es cuando la comuna sanrafaelina inici\u00f3 las gestiones para tratar de recuperarla, puesto que en ese caso apenas le faltaba el 10% de ejecuci\u00f3n. Ante la negativa de Naci\u00f3n, el Municipio reclam\u00f3 ante la Justicia, que orden\u00f3 al gobierno mileista \u2013mientras se discute si la decisi\u00f3n de parar la obra es constitucional- que cuide lo ya hecho y que no utilice esos fondos en otros destinos.<\/span><\/p>\n","protected":false},"excerpt":{"rendered":"<p>La C\u00e1mara Federal de Apelaciones de Mendoza ratific\u00f3 la medida cautelar dictada por el Juzgado Federal de San Rafael que orden\u00f3 &#8230;<\/p>\n","protected":false},"author":7,"featured_media":95655,"comment_status":"open","ping_status":"open","sticky":false,"template":"","format":"standard","meta":{"footnotes":""},"categories":[5,10],"tags":[],"class_list":["post-137137","post","type-post","status-publish","format-standard","has-post-thumbnail","hentry","category-actualidad","category-destacadas"],"_links":{"self":[{"href":"https:\/\/vinasfm.com\/noticias\/wp-json\/wp\/v2\/posts\/137137","targetHints":{"allow":["GET"]}}],"collection":[{"href":"https:\/\/vinasfm.com\/noticias\/wp-json\/wp\/v2\/posts"}],"about":[{"href":"https:\/\/vinasfm.com\/noticias\/wp-json\/wp\/v2\/types\/post"}],"author":[{"embeddable":true,"href":"https:\/\/vinasfm.com\/noticias\/wp-json\/wp\/v2\/users\/7"}],"replies":[{"embeddable":true,"href":"https:\/\/vinasfm.com\/noticias\/wp-json\/wp\/v2\/comments?post=137137"}],"version-history":[{"count":1,"href":"https:\/\/vinasfm.com\/noticias\/wp-json\/wp\/v2\/posts\/137137\/revisions"}],"predecessor-version":[{"id":137138,"href":"https:\/\/vinasfm.com\/noticias\/wp-json\/wp\/v2\/posts\/137137\/revisions\/137138"}],"wp:featuredmedia":[{"embeddable":true,"href":"https:\/\/vinasfm.com\/noticias\/wp-json\/wp\/v2\/media\/95655"}],"wp:attachment":[{"href":"https:\/\/vinasfm.com\/noticias\/wp-json\/wp\/v2\/media?parent=137137"}],"wp:term":[{"taxonomy":"category","embeddable":true,"href":"https:\/\/vinasfm.com\/noticias\/wp-json\/wp\/v2\/categories?post=137137"},{"taxonomy":"post_tag","embeddable":true,"href":"https:\/\/vinasfm.com\/noticias\/wp-json\/wp\/v2\/tags?post=137137"}],"curies":[{"name":"wp","href":"https:\/\/api.w.org\/{rel}","templated":true}]}}