{"id":137134,"date":"2024-07-05T10:17:43","date_gmt":"2024-07-05T13:17:43","guid":{"rendered":"https:\/\/vinasfm.com\/noticias\/?p=137134"},"modified":"2024-07-08T08:15:31","modified_gmt":"2024-07-08T11:15:31","slug":"vacaciones-de-invierno-fechas-clave-para-la-segunda-mitad-del-ano","status":"publish","type":"post","link":"https:\/\/vinasfm.com\/noticias\/vacaciones-de-invierno-fechas-clave-para-la-segunda-mitad-del-ano\/","title":{"rendered":"VACACIONES DE INVIERNO: FECHAS CLAVE PARA LA SEGUNDA MITAD DEL A\u00d1O"},"content":{"rendered":"<h4><span style=\"color: #000000;\">El cese del servicio educativo se extender\u00e1 del 8 al 21 de julio y se retomar\u00e1n las actividades desde el 22 de julio en toda la provincia.<\/span><\/h4>\n<p><span style=\"color: #000000;\">Estudiantes, docentes y personal no docente de todos los niveles y modalidades tendr\u00e1n su <strong>per\u00edodo de vacaciones entre el 8 y el 21 de julio<\/strong>, como antesala de lo que ser\u00e1 un segundo semestre cargado de diferentes propuestas y acciones que tendr\u00e1n como objetivo continuar con la optimizaci\u00f3n del servicio escolar.<\/span><\/p>\n<p><span style=\"color: #000000;\">El lunes 22 del corriente mes, luego del receso invernal que se extender\u00e1 14 d\u00edas, a partir de la semana entrante, estudiantes y docentes de todos los niveles y modalidades educativos volver\u00e1n a las aulas para comenzar un segundo semestre, que<strong> finalizar\u00e1 entre el 6 y el 13 de diciembre.<\/strong><\/span><\/p>\n<p><span style=\"color: #000000;\">La vuelta a clases traer\u00e1 consigo diversas actividades que perseguir\u00e1n sostener la mejora en la calidad del servicio educativo. En ese sentido, cabe destacar tanto la segunda y tercera medici\u00f3n del Censo de Fluidez y Comprensi\u00f3n Lectora, en la que participar\u00e1n alumnos de niveles primario y secundario, durante de agosto y noviembre, respectivamente; como la segunda medici\u00f3n de Conocimientos Matem\u00e1ticos, a desarrollarse tambi\u00e9n en el pen\u00faltimo mes del a\u00f1o.<\/span><\/p>\n<p><span style=\"color: #000000;\">Por su parte, <strong>del 29 de julio al 30 de agosto tendr\u00e1 lugar el per\u00edodo de recuperaci\u00f3n de saberes para estudiantes de nivel secundario<\/strong> con espacios curriculares pendientes de aprobaci\u00f3n y libres por equivalencias, y para egresados y egresadas, que, posteriormente, se dar\u00e1 de nuevo del 31 de octubre al 29 de noviembre.<\/span><\/p>\n<p><span style=\"color: #000000;\">Asimismo, otras de las acciones fundamentales que tendr\u00e1 lugar ser\u00e1 el espacio conformado por Escuela Abierta, que permitir\u00e1 que tanto los chicos como las familias se acerquen hasta las instituciones educativas para conocer bien de cerca las propuestas pedag\u00f3gicas, instalaciones y comunidades de cada una de ellas, a lo largo de diez d\u00edas<strong>. Escuela Abierta ser\u00e1 entre el 9 y el 18 de septiembre, para Nivel Inicial; desde el 30 de septiembre y hasta el 8 de octubre, en Nivel Primario; entre el 14 y el 23 de octubre, para Nivel Secundario; desde el 21 y hasta el 31 de octubre, en la Modalidad de Educaci\u00f3n Especial, y entre el 21 de octubre y el 1 de noviembre, para la Modalidad de Educaci\u00f3n Permanente de J\u00f3venes y Adultos.<\/strong><\/span><\/p>\n<p><span style=\"color: #000000;\">En Nivel Superior, si bien el propio 22 de julio comienzan las horas de consulta para mesas examinadoras\/tribunales correspondientes a julio\/agosto, <strong>el 14 de agosto se iniciar\u00e1 el cursado regular del segundo cuatrimestre en todos los a\u00f1os<\/strong> y para todas las carreras, cuya culminaci\u00f3n se encuentra prevista para el 29 de noviembre.<\/span><\/p>\n<p><span style=\"color: #000000;\"><strong>Cabe recordar que, en 2024, el 21 de septiembre, D\u00eda del Estudiante, ser\u00e1 s\u00e1bado.<\/strong> No obstante, el viernes 20 de ese mes se realizar\u00e1 una jornada institucional en todos los niveles y modalidades del sistema educativo, mientras que el 27 se desarrollar\u00e1 la Marat\u00f3n Nacional de Lectura.<\/span><\/p>\n<p><span style=\"color: #000000;\">A lo largo de octubre, escuelas primarias y de Educaci\u00f3n Integral, tanto de gesti\u00f3n estatal y privada, de Educaci\u00f3n Especial, vivir\u00e1n el Mes de la Inclusi\u00f3n Educativa.<\/span><\/p>\n<p><span style=\"color: #000000;\">Otra fecha a subrayar ser\u00e1 el 15 de noviembre, cuando se lleve a cabo el Encuentro de Escuelas Secundarias de Arte, con exposiciones de proyectos de instituciones secundarias t\u00e9cnicas, en encuentros institucionales e interinstitucionales por tecnicatura, departamento, familia, profesional, etc.<\/span><\/p>\n<p><span style=\"color: #000000;\">Finalmente, <strong>del 20 al 23 de diciembre ser\u00e1 el momento de la finalizaci\u00f3n de las actividades de los equipos jer\u00e1rquicos, secretarios, y supervisores en todos los niveles y modalidades educativas.<\/strong><\/span><\/p>\n","protected":false},"excerpt":{"rendered":"<p>El cese del servicio educativo se extender\u00e1 del 8 al 21 de julio y se retomar\u00e1n las actividades desde el 22 &#8230;<\/p>\n","protected":false},"author":7,"featured_media":137135,"comment_status":"open","ping_status":"open","sticky":false,"template":"","format":"standard","meta":{"footnotes":""},"categories":[5,11],"tags":[],"class_list":["post-137134","post","type-post","status-publish","format-standard","has-post-thumbnail","hentry","category-actualidad","category-sociales"],"_links":{"self":[{"href":"https:\/\/vinasfm.com\/noticias\/wp-json\/wp\/v2\/posts\/137134","targetHints":{"allow":["GET"]}}],"collection":[{"href":"https:\/\/vinasfm.com\/noticias\/wp-json\/wp\/v2\/posts"}],"about":[{"href":"https:\/\/vinasfm.com\/noticias\/wp-json\/wp\/v2\/types\/post"}],"author":[{"embeddable":true,"href":"https:\/\/vinasfm.com\/noticias\/wp-json\/wp\/v2\/users\/7"}],"replies":[{"embeddable":true,"href":"https:\/\/vinasfm.com\/noticias\/wp-json\/wp\/v2\/comments?post=137134"}],"version-history":[{"count":2,"href":"https:\/\/vinasfm.com\/noticias\/wp-json\/wp\/v2\/posts\/137134\/revisions"}],"predecessor-version":[{"id":137165,"href":"https:\/\/vinasfm.com\/noticias\/wp-json\/wp\/v2\/posts\/137134\/revisions\/137165"}],"wp:featuredmedia":[{"embeddable":true,"href":"https:\/\/vinasfm.com\/noticias\/wp-json\/wp\/v2\/media\/137135"}],"wp:attachment":[{"href":"https:\/\/vinasfm.com\/noticias\/wp-json\/wp\/v2\/media?parent=137134"}],"wp:term":[{"taxonomy":"category","embeddable":true,"href":"https:\/\/vinasfm.com\/noticias\/wp-json\/wp\/v2\/categories?post=137134"},{"taxonomy":"post_tag","embeddable":true,"href":"https:\/\/vinasfm.com\/noticias\/wp-json\/wp\/v2\/tags?post=137134"}],"curies":[{"name":"wp","href":"https:\/\/api.w.org\/{rel}","templated":true}]}}