{"id":137125,"date":"2024-07-05T10:05:46","date_gmt":"2024-07-05T13:05:46","guid":{"rendered":"https:\/\/vinasfm.com\/noticias\/?p=137125"},"modified":"2024-07-08T08:15:47","modified_gmt":"2024-07-08T11:15:47","slug":"se-viene-el-primer-rally-cross-cuntry-la-encrucijada-en-alvear","status":"publish","type":"post","link":"https:\/\/vinasfm.com\/noticias\/se-viene-el-primer-rally-cross-cuntry-la-encrucijada-en-alvear\/","title":{"rendered":"SE VIENE EL PRIMER RALLY CROSS CUNTRY \u00abLA ENCRUCIJADA\u00bb EN ALVEAR"},"content":{"rendered":"<h4><span style=\"color: #000000;\"><strong>Tendr\u00e1 lugar los d\u00edas 9, 10 y 11 de agosto.<\/strong><\/span><\/h4>\n<p><span style=\"color: #000000;\">Gustavo Garc\u00eda, director de Turismo de la Comuna, se\u00f1al\u00f3 que <strong><em>\u00abhay grandes expectativas por el Rally Cross Cuntry, sobre todo porque campeonatos como este son muy bien recibidos por el p\u00fablico alvearense\u00bb<\/em><\/strong>. As\u00ed mismo, se\u00f1al\u00f3 que los encargados de la organizaci\u00f3n ya se encuentran en nuestro territorio para comenzar con la demarcaci\u00f3n de los circuitos.\u00a0<\/span><\/p>\n<p><span style=\"color: #000000;\">Por su parte, Hugo Balada, explic\u00f3 que <strong><em>\u00abse busca realizar una fecha que comprenda 3 d\u00edas. El 9 de agosto se realizar\u00e1 un Super Prime Clasificatorio en el Aut\u00f3dromo V\u00edctor Garc\u00eda, posteriormente se realizar\u00e1 una largada simb\u00f3lica en el centro de General Alvear. El segundo d\u00eda ser\u00e1 una etapa m\u00e1s larga y compleja, en donde los corredores recorrer\u00e1n 60 kil\u00f3metros de r\u00edo seco y posteriormente 120 kil\u00f3metros de terreno suelto, llegando al sector suroeste de las dunas de El Nihuil\u00bb.<\/em><\/strong>\u00a0En cuanto a la tercera etapa, mencion\u00f3 que <strong><em>\u00abser\u00e1 un recorrido de 60 kil\u00f3metros en un circuito m\u00e1s cercano al departamento\u00bb.\u00a0<\/em><\/strong><\/span><\/p>\n<p><span style=\"color: #000000;\">Hasta el momento hay confirmado cerca de 100 equipos nacionales y de Uruguay. Las inscripciones inician esta semana, sobre los costos Balada subray\u00f3 que la categor\u00eda motos y cuatriciclos tiene un costo de <strong>$85.000<\/strong>, en la categor\u00eda UTV la inscripci\u00f3n ronda los<strong> $190.000<\/strong> y los veh\u00edculos areneros 4&#215;2 deber\u00e1n abonar <strong>$170.000.<\/strong> Cabe destacar que <strong>los pilotos alvearenses, gracias a gestiones de la Direcci\u00f3n de Deportes y el Municipio, tendr\u00e1n un descuento del 45%, principalmente en las categor\u00edas de motocicletas y cuatriciclos.\u00a0<\/strong><\/span><\/p>\n","protected":false},"excerpt":{"rendered":"<p>Tendr\u00e1 lugar los d\u00edas 9, 10 y 11 de agosto. Gustavo Garc\u00eda, director de Turismo de la Comuna, se\u00f1al\u00f3 que \u00abhay &#8230;<\/p>\n","protected":false},"author":7,"featured_media":137131,"comment_status":"open","ping_status":"open","sticky":false,"template":"","format":"standard","meta":{"footnotes":""},"categories":[5,21],"tags":[],"class_list":["post-137125","post","type-post","status-publish","format-standard","has-post-thumbnail","hentry","category-actualidad","category-turismo-2"],"_links":{"self":[{"href":"https:\/\/vinasfm.com\/noticias\/wp-json\/wp\/v2\/posts\/137125","targetHints":{"allow":["GET"]}}],"collection":[{"href":"https:\/\/vinasfm.com\/noticias\/wp-json\/wp\/v2\/posts"}],"about":[{"href":"https:\/\/vinasfm.com\/noticias\/wp-json\/wp\/v2\/types\/post"}],"author":[{"embeddable":true,"href":"https:\/\/vinasfm.com\/noticias\/wp-json\/wp\/v2\/users\/7"}],"replies":[{"embeddable":true,"href":"https:\/\/vinasfm.com\/noticias\/wp-json\/wp\/v2\/comments?post=137125"}],"version-history":[{"count":3,"href":"https:\/\/vinasfm.com\/noticias\/wp-json\/wp\/v2\/posts\/137125\/revisions"}],"predecessor-version":[{"id":137133,"href":"https:\/\/vinasfm.com\/noticias\/wp-json\/wp\/v2\/posts\/137125\/revisions\/137133"}],"wp:featuredmedia":[{"embeddable":true,"href":"https:\/\/vinasfm.com\/noticias\/wp-json\/wp\/v2\/media\/137131"}],"wp:attachment":[{"href":"https:\/\/vinasfm.com\/noticias\/wp-json\/wp\/v2\/media?parent=137125"}],"wp:term":[{"taxonomy":"category","embeddable":true,"href":"https:\/\/vinasfm.com\/noticias\/wp-json\/wp\/v2\/categories?post=137125"},{"taxonomy":"post_tag","embeddable":true,"href":"https:\/\/vinasfm.com\/noticias\/wp-json\/wp\/v2\/tags?post=137125"}],"curies":[{"name":"wp","href":"https:\/\/api.w.org\/{rel}","templated":true}]}}