{"id":137122,"date":"2024-07-04T16:34:41","date_gmt":"2024-07-04T19:34:41","guid":{"rendered":"https:\/\/vinasfm.com\/noticias\/?p=137122"},"modified":"2024-07-06T10:35:15","modified_gmt":"2024-07-06T13:35:15","slug":"robaron-un-tractor-en-la-zona-en-inmediaciones-del-km-884-y-compuertas-negras","status":"publish","type":"post","link":"https:\/\/vinasfm.com\/noticias\/robaron-un-tractor-en-la-zona-en-inmediaciones-del-km-884-y-compuertas-negras\/","title":{"rendered":"ROBARON UN TRACTOR EN EN INMEDIACIONES DEL KM 884"},"content":{"rendered":"<h4>Seg\u00fan se difundi\u00f3 en las redes, el tractor vi\u00f1atero fue robado en Calle M, Km 884.<\/h4>\n<p>Se trata de un tractor Massey Ferguson 150, motor N\u00b0 PA3104620 con cubiertas casi nuevas. Posee rastra de discos y arado de rejas. Ante cualquier informaci\u00f3n se solicita dar aviso a la polic\u00eda o comunicarse al tel\u00e9fono 2625663081.<\/p>\n","protected":false},"excerpt":{"rendered":"<p>Seg\u00fan se difundi\u00f3 en las redes, el tractor vi\u00f1atero fue robado en Calle M, Km 884. Se trata de un tractor &#8230;<\/p>\n","protected":false},"author":7,"featured_media":137123,"comment_status":"open","ping_status":"open","sticky":false,"template":"","format":"standard","meta":{"footnotes":""},"categories":[5,4],"tags":[],"class_list":["post-137122","post","type-post","status-publish","format-standard","has-post-thumbnail","hentry","category-actualidad","category-policiales"],"_links":{"self":[{"href":"https:\/\/vinasfm.com\/noticias\/wp-json\/wp\/v2\/posts\/137122","targetHints":{"allow":["GET"]}}],"collection":[{"href":"https:\/\/vinasfm.com\/noticias\/wp-json\/wp\/v2\/posts"}],"about":[{"href":"https:\/\/vinasfm.com\/noticias\/wp-json\/wp\/v2\/types\/post"}],"author":[{"embeddable":true,"href":"https:\/\/vinasfm.com\/noticias\/wp-json\/wp\/v2\/users\/7"}],"replies":[{"embeddable":true,"href":"https:\/\/vinasfm.com\/noticias\/wp-json\/wp\/v2\/comments?post=137122"}],"version-history":[{"count":3,"href":"https:\/\/vinasfm.com\/noticias\/wp-json\/wp\/v2\/posts\/137122\/revisions"}],"predecessor-version":[{"id":137163,"href":"https:\/\/vinasfm.com\/noticias\/wp-json\/wp\/v2\/posts\/137122\/revisions\/137163"}],"wp:featuredmedia":[{"embeddable":true,"href":"https:\/\/vinasfm.com\/noticias\/wp-json\/wp\/v2\/media\/137123"}],"wp:attachment":[{"href":"https:\/\/vinasfm.com\/noticias\/wp-json\/wp\/v2\/media?parent=137122"}],"wp:term":[{"taxonomy":"category","embeddable":true,"href":"https:\/\/vinasfm.com\/noticias\/wp-json\/wp\/v2\/categories?post=137122"},{"taxonomy":"post_tag","embeddable":true,"href":"https:\/\/vinasfm.com\/noticias\/wp-json\/wp\/v2\/tags?post=137122"}],"curies":[{"name":"wp","href":"https:\/\/api.w.org\/{rel}","templated":true}]}}