{"id":137114,"date":"2024-07-05T08:22:36","date_gmt":"2024-07-05T11:22:36","guid":{"rendered":"https:\/\/vinasfm.com\/noticias\/?p=137114"},"modified":"2024-07-08T08:16:28","modified_gmt":"2024-07-08T11:16:28","slug":"el-motivo-por-el-que-mendoza-podria-obtener-el-100-de-las-regalias-de-los-nihuiles","status":"publish","type":"post","link":"https:\/\/vinasfm.com\/noticias\/el-motivo-por-el-que-mendoza-podria-obtener-el-100-de-las-regalias-de-los-nihuiles\/","title":{"rendered":"EL MOTIVO POR EL QUE MENDOZA PODR\u00cdA OBTENER EL 100% DE LAS REGAL\u00cdAS DE LOS NIHUILES"},"content":{"rendered":"<h4><span style=\"color: #000000;\">La provincia de Mendoza est\u00e1 en el mejor momento para obtener la totalidad de las regal\u00edas del Sistema Hidroel\u00e9ctrico Los Nihuiles, que comparte con La Pampa.<\/span><\/h4>\n<article class=\"article-body article-body--first-paragraph\" data-td-script-src=\"https:\/\/www.sitioandino.com.ar\/td\/modulos\/encuestas\/js\/function-embeds-min-version-1719979732.js\"><span style=\"color: #000000;\">Con la creaci\u00f3n del embalse El Nihuil en 1947 y la posterior inauguraci\u00f3n del\u00a0<strong>Sistema Hidroel\u00e9ctrico Los Nihuiles<\/strong>\u00a0I, II, III y IV, la\u00a0<strong>provincia de Mendoza<\/strong>\u00a0esperaba concentrar una fuerte actividad en\u00a0<strong>San Rafael<\/strong>\u00a0que, a su vez, trajera desarrollo econ\u00f3mico gracias a las regal\u00edas. Pese a ello, durante a\u00f1os las comparti\u00f3 con La Pampa. Ahora\u00a0<strong>Mendoza est\u00e1 en el mejor momento para reclamar lo que es suyo<\/strong>.<\/span><\/p>\n<\/article>\n<article class=\"article-body article-body--second-paragraph\"><\/article>\n<section class=\"recommended-news\">\n<article class=\"article-body article-body--second-paragraph\">\n<h2><span style=\"color: #000000;\">El conflicto de la provincia de Mendoza con La Pampa<\/span><\/h2>\n<p><span style=\"color: #000000;\">Desde la Fundaci\u00f3n para el Desarrollo Regional \u00abFundar\u00bb explicaron a Medios Andinos que \u00ab<strong>las centrales producen un 0,6% de toda la energ\u00eda que produce el pa\u00eds\u00bb<\/strong>. As\u00ed, al inicio la provincia como due\u00f1a de los recursos recib\u00eda una regal\u00eda, pagada a trav\u00e9s de la Naci\u00f3n por la empresa Agua y Energ\u00eda,\u00a0<strong>equivalente al 12% de la energ\u00eda producida<\/strong>.<\/span><\/p>\n<\/article>\n<article class=\"article-body article-body--second-paragraph\"><span style=\"color: #000000;\">Disconforme con la situaci\u00f3n, en 1973 la provincia de La Pampa present\u00f3 un reclamo a trav\u00e9s de la Corte Suprema de Justicia para que\u00a0<strong>el r\u00edo Atuel fuese declarado interprovincial<\/strong>. Esto le permit\u00eda sostener otra demanda: la ley de energ\u00eda de esa \u00e9poca preve\u00eda la posibilidad de compartir regal\u00edas,\u00a0<strong>siempre y cuando se tratara de r\u00edos interprovinciales<\/strong>.<\/span><\/p>\n<p><span style=\"color: #000000;\">Despu\u00e9s de su reclamo, \u00abel presidente de facto Alejandro Agust\u00edn Lanusse\u00a0<strong>decidi\u00f3 otorgarle a La Pampa un 50% de las regal\u00edas\u00bb<\/strong>, explic\u00f3 el analista Javier Cofano, economista de FUNDAR.<strong>\u00a0De esta manera, a partir de 1973,\u00a0Naci\u00f3n pas\u00f3 de liquidar un 12% a un 6% de regal\u00edas para Mendoza.<\/strong><\/span><\/p>\n<p><span style=\"color: #000000;\">Con el paso del tiempo, el criterio de \u00abcompartir regal\u00edas cuando se trate de r\u00edos interprovinciales\u00bb se fue abandonando y\u00a0<strong>empez\u00f3 a tenerse en cuenta el criterio de la fuente, es decir, el lugar desde donde se genera la energ\u00eda<\/strong>.<\/span><\/p>\n<p><span style=\"color: #000000;\">Tras la privatizaci\u00f3n del\u00a0<strong>Sistema Hidroel\u00e9ctrico Los Nihuiles<\/strong>\u00a0en 1994, el complejo se transfiri\u00f3 a Mendoza, con el otorgamiento de la concesi\u00f3n a \u00abHINISA\u00bb, una sociedad an\u00f3nima.<\/span><\/p>\n<p><span style=\"color: #000000;\"><strong>\u00abLa empresa Electricidad de Francia\u00a0licita el 51% de las acciones para quedarse con esa concesi\u00f3n\u00a0y, el resto de las acciones quedan para la provincia de Mendoza\u00bb<\/strong>, explic\u00f3 Javier Cofano, de Fundar.<\/span><\/p>\n<p><span style=\"color: #000000;\">Pese a ello, la situaci\u00f3n no se modific\u00f3:\u00a0<strong>se liquidaba un 50% de regal\u00edas para La Pampa y otro 50%, para Mendoza<\/strong>.<\/span><\/p>\n<p><span style=\"color: #000000;\"><strong>\u00abSiempre tuvimos conflictos con La Pampa. Mendoza siempre ha sido muy prudente para mantener ese comit\u00e9 (por el COIRCO) funcionando y tratar de acordar las cosas de la mejor manera posible. Pero\u00a0se interpusieron recursos administrativos que no lograron nada\u00bb<\/strong>, destac\u00f3 Cofano.<\/span><\/p>\n<p><img decoding=\"async\" src=\"https:\/\/media.sitioandino.com.ar\/p\/1ffab847905c2479f0822e891c8ceb70\/adjuntos\/335\/imagenes\/000\/397\/0000397231\/790x0\/smart\/dique-el-nihuil-239662.jpg\" \/><\/p>\n<h2><span style=\"color: #000000;\">Un avance positivo para Mendoza<\/span><\/h2>\n<p><span style=\"color: #000000;\">En 2015 y, a trav\u00e9s de la procuraci\u00f3n del Tesoro, se conoci\u00f3 un dictamen que empez\u00f3 a cambiar las reglas del juego:\u00a0<strong>establece que a Mendoza le corresponde el 100% de regal\u00edas<\/strong>\u00a0porque \u00abse ha adoptado en todo el pa\u00eds el criterio de la fuente\u00bb.<\/span><\/p>\n<p><span style=\"color: #000000;\">As\u00ed, todas las provincias que fueron a reclamar por regal\u00edas, al igual que La Pampa en 1973, obtuvieron resultados negativos.<\/span><\/p>\n<p><span style=\"color: #000000;\">Tras actualizar el valor de las regal\u00edas en 2020 y 2022 y no obtener respuestas, \u00aben junio pasado se volvi\u00f3 a actualizar el c\u00e1lculo y se estableci\u00f3 en\u00a0<strong>550 millones de d\u00f3lares<\/strong>\u00ab, puntualiz\u00f3 Cofano, quien destac\u00f3 que es notable el asesoramiento por parte de Naci\u00f3n, ya que ahora hay \u00abun cambio en la estrategia jur\u00eddica que busca\u00a0<strong>derogar el decreto de Lanusse que permit\u00eda el 50% de regal\u00edas a La Pampa<\/strong>\u00ab.<\/span><\/p>\n<p><span style=\"color: #000000;\">\u00abLa posici\u00f3n de Mendoza ahora se ve reforzada por los antecedentes, por lo que\u00a0<strong>creemos que esta vez, va a conseguir finalmente la liquidaci\u00f3n completa del 12% de regal\u00edas<\/strong>, pero adem\u00e1s\u00a0<strong>el resarcimiento por los 50 a\u00f1os, que son 550 millones de d\u00f3lares\u00bb<\/strong>.<\/span><\/p>\n<\/article>\n<\/section>\n","protected":false},"excerpt":{"rendered":"<p>La provincia de Mendoza est\u00e1 en el mejor momento para obtener la totalidad de las regal\u00edas del Sistema Hidroel\u00e9ctrico Los Nihuiles, &#8230;<\/p>\n","protected":false},"author":7,"featured_media":137115,"comment_status":"open","ping_status":"open","sticky":false,"template":"","format":"standard","meta":{"footnotes":""},"categories":[5,10],"tags":[],"class_list":["post-137114","post","type-post","status-publish","format-standard","has-post-thumbnail","hentry","category-actualidad","category-destacadas"],"_links":{"self":[{"href":"https:\/\/vinasfm.com\/noticias\/wp-json\/wp\/v2\/posts\/137114","targetHints":{"allow":["GET"]}}],"collection":[{"href":"https:\/\/vinasfm.com\/noticias\/wp-json\/wp\/v2\/posts"}],"about":[{"href":"https:\/\/vinasfm.com\/noticias\/wp-json\/wp\/v2\/types\/post"}],"author":[{"embeddable":true,"href":"https:\/\/vinasfm.com\/noticias\/wp-json\/wp\/v2\/users\/7"}],"replies":[{"embeddable":true,"href":"https:\/\/vinasfm.com\/noticias\/wp-json\/wp\/v2\/comments?post=137114"}],"version-history":[{"count":1,"href":"https:\/\/vinasfm.com\/noticias\/wp-json\/wp\/v2\/posts\/137114\/revisions"}],"predecessor-version":[{"id":137116,"href":"https:\/\/vinasfm.com\/noticias\/wp-json\/wp\/v2\/posts\/137114\/revisions\/137116"}],"wp:featuredmedia":[{"embeddable":true,"href":"https:\/\/vinasfm.com\/noticias\/wp-json\/wp\/v2\/media\/137115"}],"wp:attachment":[{"href":"https:\/\/vinasfm.com\/noticias\/wp-json\/wp\/v2\/media?parent=137114"}],"wp:term":[{"taxonomy":"category","embeddable":true,"href":"https:\/\/vinasfm.com\/noticias\/wp-json\/wp\/v2\/categories?post=137114"},{"taxonomy":"post_tag","embeddable":true,"href":"https:\/\/vinasfm.com\/noticias\/wp-json\/wp\/v2\/tags?post=137114"}],"curies":[{"name":"wp","href":"https:\/\/api.w.org\/{rel}","templated":true}]}}