{"id":137111,"date":"2024-07-05T08:15:24","date_gmt":"2024-07-05T11:15:24","guid":{"rendered":"https:\/\/vinasfm.com\/noticias\/?p=137111"},"modified":"2024-07-08T08:16:45","modified_gmt":"2024-07-08T11:16:45","slug":"real-del-padre-trabajadores-despedidos-de-la-ex-canale-se-manifestaron-por-sus-puestor-laborales","status":"publish","type":"post","link":"https:\/\/vinasfm.com\/noticias\/real-del-padre-trabajadores-despedidos-de-la-ex-canale-se-manifestaron-por-sus-puestor-laborales\/","title":{"rendered":"REAL DEL PADRE: TRABAJADORES DESPEDIDOS DE LA EX CANALE SE MANIFESTARON POR SUS PUESTOR LABORALES"},"content":{"rendered":"<h4><span style=\"color: #000000;\">D\u00edas atr\u00e1s se conoc\u00eda el cierre definitivo de la conservera ex Canale en Real del Padre, dejando a 38 trabajadores sin sus fuentes de ingreso.<\/span><\/h4>\n<p><span style=\"color: #000000;\">La noticia recorri\u00f3 r\u00e1pidamente toda Mendoza e incluso se conoci\u00f3 a nivel pa\u00eds, <strong>ya que la f\u00e1brica llevaba 8 d\u00e9cadas, con diferentes nombres, produciendo en territorio realpadrino.<\/strong> A consecuencia del cierre del pasado viernes, fueron varios los medios nacionales que dieron cuenta de la situaci\u00f3n.<\/span><\/p>\n<p><span style=\"color: #000000;\">Bajo ese contexto, vecinos y trabajadores de la conservera se movilizaron en la ma\u00f1ana del jueves hasta el frente de la planta para pedir por sus puestos laborales. <span class=\"sigijh_hlt sigijh_animateMe\">Vale destacar que, <strong>desde 2019, la firma a cargo de la planta es Alimentos Vegetales Argentinos (AVA)<\/strong> quienes produc\u00edan frutas en alm\u00edbar, dulces, mermeladas y conservas. Tras el cierre de la planta en Real del Padre <strong>mudar\u00e1n la producci\u00f3n a su sede central en Ugarteche, Luj\u00e1n de Cuyo.<\/strong><\/span><\/span><\/p>\n<p><span style=\"color: #000000;\"><strong>Al momento del cierre, en la planta trabajaban 22 empleados efectivos y 16 con contratos temporarios.<\/strong><\/span><\/p>\n<h2 class=\"wp-block-heading\"><span style=\"color: #000000;\">LA LLEGADA DE AVA A ALCO CANALE<\/span><\/h2>\n<p><span style=\"color: #000000;\">En 2018 la firma Alco \u2013 Canale present\u00f3 quiebra. El caso fue tomado por el Juzgado Comercial Nacional 1, que habilit\u00f3 la continuidad de la explotaci\u00f3n de sus plantas.<\/span><\/p>\n<p><span class=\"sigijh_hlt sigijh_animateMe\" style=\"color: #000000;\">En primera instancia, la empresa cordobesa Dulcor alquil\u00f3 las plantas de \u201cAlimenticias Mendocinas SA\u201d por el plazo de 8 meses, aunque su intenci\u00f3n fue comprarlas.<\/span><\/p>\n<p><span style=\"color: #000000;\">Cuando salieron a remate, la propia Dulcor intent\u00f3 adquirirlas. A pesar de esto, la agroindustrial AVA termin\u00f3 haciendo una mejor oferta y qued\u00e1ndose con las mismas en agosto de 2019.<\/span><\/p>\n<p><span style=\"color: #000000;\">A menos de 5 a\u00f1os de la compra, AVA decidi\u00f3 poner fin a 80 a\u00f1os de producci\u00f3n en Real del Padre. La causa, la falta de rentabilidad.<\/span><\/p>\n","protected":false},"excerpt":{"rendered":"<p>D\u00edas atr\u00e1s se conoc\u00eda el cierre definitivo de la conservera ex Canale en Real del Padre, dejando a 38 trabajadores sin &#8230;<\/p>\n","protected":false},"author":7,"featured_media":137112,"comment_status":"open","ping_status":"open","sticky":false,"template":"","format":"standard","meta":{"footnotes":""},"categories":[5,10],"tags":[],"class_list":["post-137111","post","type-post","status-publish","format-standard","has-post-thumbnail","hentry","category-actualidad","category-destacadas"],"_links":{"self":[{"href":"https:\/\/vinasfm.com\/noticias\/wp-json\/wp\/v2\/posts\/137111","targetHints":{"allow":["GET"]}}],"collection":[{"href":"https:\/\/vinasfm.com\/noticias\/wp-json\/wp\/v2\/posts"}],"about":[{"href":"https:\/\/vinasfm.com\/noticias\/wp-json\/wp\/v2\/types\/post"}],"author":[{"embeddable":true,"href":"https:\/\/vinasfm.com\/noticias\/wp-json\/wp\/v2\/users\/7"}],"replies":[{"embeddable":true,"href":"https:\/\/vinasfm.com\/noticias\/wp-json\/wp\/v2\/comments?post=137111"}],"version-history":[{"count":1,"href":"https:\/\/vinasfm.com\/noticias\/wp-json\/wp\/v2\/posts\/137111\/revisions"}],"predecessor-version":[{"id":137113,"href":"https:\/\/vinasfm.com\/noticias\/wp-json\/wp\/v2\/posts\/137111\/revisions\/137113"}],"wp:featuredmedia":[{"embeddable":true,"href":"https:\/\/vinasfm.com\/noticias\/wp-json\/wp\/v2\/media\/137112"}],"wp:attachment":[{"href":"https:\/\/vinasfm.com\/noticias\/wp-json\/wp\/v2\/media?parent=137111"}],"wp:term":[{"taxonomy":"category","embeddable":true,"href":"https:\/\/vinasfm.com\/noticias\/wp-json\/wp\/v2\/categories?post=137111"},{"taxonomy":"post_tag","embeddable":true,"href":"https:\/\/vinasfm.com\/noticias\/wp-json\/wp\/v2\/tags?post=137111"}],"curies":[{"name":"wp","href":"https:\/\/api.w.org\/{rel}","templated":true}]}}