{"id":137106,"date":"2024-07-04T18:58:23","date_gmt":"2024-07-04T21:58:23","guid":{"rendered":"https:\/\/vinasfm.com\/noticias\/?p=137106"},"modified":"2024-07-08T08:16:59","modified_gmt":"2024-07-08T11:16:59","slug":"molero-propuso-mantener-la-lucha-antigranizo-en-el-sur-mendocino","status":"publish","type":"post","link":"https:\/\/vinasfm.com\/noticias\/molero-propuso-mantener-la-lucha-antigranizo-en-el-sur-mendocino\/","title":{"rendered":"MOLERO PROPUSO MANTENER LA LUCHA ANTIGRANIZO EN EL SUR MENDOCINO"},"content":{"rendered":"<h4>En conferencia de prensa, el Jefe Comunal se refiri\u00f3 a la pol\u00e9mica medida de Cornejo y asegur\u00f3 que est\u00e1n las condiciones dadas para que se mantenga la Lucha Antigranizo en el sur provincial.<\/h4>\n<p>En la jornada del mi\u00e9rcoles, Alejandro Molero viaj\u00f3 a Ciudad para reunirse con el Sr. Gobernador en donde se propuse distintas alternativas para la defensa del sector productivo de Mendoza. <em><strong>\u00abTuvimos la posibilidad de reunirnos, plantear nuestra posici\u00f3n y discutir distintos aspectos. Nos encontramos con la voluntad del Gobernador en avanzar en una soluci\u00f3n y tiene que ver con la solicitud de mantener activa la lucha antigranizo aqu\u00ed en el sur de la provincia\u00bb<\/strong><\/em>, manifest\u00f3 Molero.<\/p>\n<p>Seg\u00fan se\u00f1al\u00f3 el Jefe Comunal, esta propuesta surge del trabajo realizado junto al Intendente de San Rafael y al Ministerio de Producci\u00f3n. <em><strong>\u201cHemos comenzado a hacer el an\u00e1lisis previo de la posibilidad cierta de mantener el sistema en el sur de la provincia\u201d.<\/strong><\/em><\/p>\n<p>En la cita del jueves estuvieron presentes distintos representantes del sector productivo regional. <em><strong>\u00abQuer\u00edamos dar a conocer este avance, pero tambi\u00e9n convocarlos a trabajar en conjunto. Omar F\u00e9lix, vendr\u00e1 a General Alvear, estar\u00e1 presente la gente del Ministerio con los distintos especialistas en el tema para hacer el an\u00e1lisis de mantener el sistema de lucha antigranizo con aviones en el sur de la provincial\u201d<\/strong><\/em>, adelant\u00f3.<\/p>\n<p><a href=\"https:\/\/vinasfm.com\/noticias\/wp-content\/uploads\/2024\/07\/1720130267827.jpg\"><img loading=\"lazy\" decoding=\"async\" class=\"alignnone size-medium wp-image-137109\" src=\"https:\/\/vinasfm.com\/noticias\/wp-content\/uploads\/2024\/07\/1720130267827-300x188.jpg\" alt=\"\" width=\"300\" height=\"188\" srcset=\"https:\/\/vinasfm.com\/noticias\/wp-content\/uploads\/2024\/07\/1720130267827-300x188.jpg 300w, https:\/\/vinasfm.com\/noticias\/wp-content\/uploads\/2024\/07\/1720130267827.jpg 720w\" sizes=\"auto, (max-width: 300px) 100vw, 300px\" \/><\/a><\/p>\n<p>Un punto importante de esta alternativa es que Provincia ceder\u00eda los aviones que operaban en el sur mendocino. As\u00ed mismo, Molero que ser\u00e1 necesario realizar un an\u00e1lisis <em><strong>\u00abjunto a especialistas, productores y beneficiados para planificar c\u00f3mo llevar adelante est\u00e1 propuesta y, sobre todo, conocer el costo que representar\u00eda y si es posible sostenerlo en el tiempo\u00bb.<\/strong><\/em><\/p>\n<p>Por \u00faltimo, el Mandatario critic\u00f3 la ineficiencia del sindicato de APLA en la gesti\u00f3n de la Lucha Antigranizo; <em><strong>\u201cEsto no va impedir que los productores del oasis sur puedan acceder a las medidas de gobierno, si la lucha antigranizo se pone en marcha en el sur, se buscar\u00e1 continuar con un sistema que incluya adem\u00e1s de la lucha activa, seguro agr\u00edcolas y cr\u00e9ditos para los productores\u00bb.<\/strong><\/em><\/p>\n","protected":false},"excerpt":{"rendered":"<p>En conferencia de prensa, el Jefe Comunal se refiri\u00f3 a la pol\u00e9mica medida de Cornejo y asegur\u00f3 que est\u00e1n las condiciones &#8230;<\/p>\n","protected":false},"author":7,"featured_media":137107,"comment_status":"open","ping_status":"open","sticky":false,"template":"","format":"standard","meta":{"footnotes":""},"categories":[5,197],"tags":[],"class_list":["post-137106","post","type-post","status-publish","format-standard","has-post-thumbnail","hentry","category-actualidad","category-lucha-antigranizo"],"_links":{"self":[{"href":"https:\/\/vinasfm.com\/noticias\/wp-json\/wp\/v2\/posts\/137106","targetHints":{"allow":["GET"]}}],"collection":[{"href":"https:\/\/vinasfm.com\/noticias\/wp-json\/wp\/v2\/posts"}],"about":[{"href":"https:\/\/vinasfm.com\/noticias\/wp-json\/wp\/v2\/types\/post"}],"author":[{"embeddable":true,"href":"https:\/\/vinasfm.com\/noticias\/wp-json\/wp\/v2\/users\/7"}],"replies":[{"embeddable":true,"href":"https:\/\/vinasfm.com\/noticias\/wp-json\/wp\/v2\/comments?post=137106"}],"version-history":[{"count":2,"href":"https:\/\/vinasfm.com\/noticias\/wp-json\/wp\/v2\/posts\/137106\/revisions"}],"predecessor-version":[{"id":137110,"href":"https:\/\/vinasfm.com\/noticias\/wp-json\/wp\/v2\/posts\/137106\/revisions\/137110"}],"wp:featuredmedia":[{"embeddable":true,"href":"https:\/\/vinasfm.com\/noticias\/wp-json\/wp\/v2\/media\/137107"}],"wp:attachment":[{"href":"https:\/\/vinasfm.com\/noticias\/wp-json\/wp\/v2\/media?parent=137106"}],"wp:term":[{"taxonomy":"category","embeddable":true,"href":"https:\/\/vinasfm.com\/noticias\/wp-json\/wp\/v2\/categories?post=137106"},{"taxonomy":"post_tag","embeddable":true,"href":"https:\/\/vinasfm.com\/noticias\/wp-json\/wp\/v2\/tags?post=137106"}],"curies":[{"name":"wp","href":"https:\/\/api.w.org\/{rel}","templated":true}]}}