{"id":137049,"date":"2024-07-03T11:50:27","date_gmt":"2024-07-03T14:50:27","guid":{"rendered":"https:\/\/vinasfm.com\/noticias\/?p=137049"},"modified":"2024-07-04T10:33:08","modified_gmt":"2024-07-04T13:33:08","slug":"marcolini-aseguro-que-levantar-la-lucha-antigranizo-no-era-lo-mas-conveniente","status":"publish","type":"post","link":"https:\/\/vinasfm.com\/noticias\/marcolini-aseguro-que-levantar-la-lucha-antigranizo-no-era-lo-mas-conveniente\/","title":{"rendered":"MARCOLINI ASEGUR\u00d3 QUE \u201cLEVANTAR LA LUCHA ANTIGRANIZO NO ERA LO M\u00c1S CONVENIENTE\u201d"},"content":{"rendered":"<h4><span style=\"color: #000000;\"><strong>El Senador Provincial sum\u00f3 su opini\u00f3n a la pol\u00e9mica medida del Gobierno de Mendoza.<\/strong><\/span><\/h4>\n<p><span style=\"color: #000000;\">\u00a0Tras la decisi\u00f3n del Gobierno de Cornejo de levantar la Lucha Antigranizo en la provincia, el ex intendente Walther Marcolini asegur\u00f3 que <strong><em>\u201cfue una decisi\u00f3n que fue tomada y ejecutada, sin tener en cuenta la voz de los actores del sector\u201d.<\/em><\/strong><\/span><\/p>\n<p><span style=\"color: #000000;\">En ese contexto, el senador radical sostuvo que <strong><em>\u201cla gran inc\u00f3gnita es saber c\u00f3mo se va a poder cubrir a aquellos peque\u00f1os productores que no son sujeto de cr\u00e9dito para la malla antigranizo\u201d.<\/em><\/strong> Seg\u00fan se dio a conocer, el ministro de Producci\u00f3n, Rodolfo Vargas Arizu; se presentar\u00e1 en la Legislatura para continuar debatiendo la medida tomar y buscar una soluci\u00f3n satisfactoria para los peque\u00f1os productores.<\/span><\/p>\n<p><span style=\"color: #000000;\">El senador plante\u00f3 que <strong><em>\u201cdentro del sector productivo de Mendoza hay muchas realidades diferentes. En General Alvear hay muchos casos de productores que no tienen Regularizaci\u00f3n Dominial y por distintos factores terminan sin ser sujetos de cr\u00e9dito\u201d.<\/em><\/strong><\/span><\/p>\n<p><span style=\"color: #000000;\"><strong><em>\u201cCuando en 1998, cuando se trajo por primera vez una empresa para mitigar el granizo, \u00e9ramos consientes de que el sistema no ten\u00eda un 100% de efectividad pero hab\u00eda un desarrollo cient\u00edfico-tecnol\u00f3gico detr\u00e1s. Nos llama la atenci\u00f3n la medida tomada porque, considerando los avances tecnol\u00f3gicos, se podr\u00eda encontrar otra alternativa\u201d<\/em><\/strong>, expres\u00f3 Marcolini.<\/span><\/p>\n<p><span style=\"color: #000000;\">A 6 meses de iniciar la temporada de verano, cuando las tormentas de granizo son m\u00e1s frecuentes, \u00a0el senador sostuvo que <strong><em>\u201cera muy importante mantener la Lucha Antigranizo con sus 3 patas: lucha activa, el seguro y la malla antigranizo. Tambi\u00e9n es muy cierto que la realidad del Oasis Sur es muy distinta a la de la Zona Norte de la provincia\u201d.<\/em><\/strong><\/span><\/p>\n<p><span style=\"color: #000000;\">Por \u00faltimo, y de acuerdo a las declaraciones de Vargas Arizu en la C\u00e1mara de Comercio de General Alvear, Walther Marcolini se\u00f1al\u00f3 que <strong><em>\u201cmuchos de los legisladores conocieron la medida cuando fue anunciada ya que nunca se dio lugar al di\u00e1logo, son temas muy importantes que hay que tratarse con la responsabilidad y cuidado que requiere\u201d.<\/em><\/strong><\/span><\/p>\n<h6>G. Vallejos.<\/h6>\n","protected":false},"excerpt":{"rendered":"<p>El Senador Provincial sum\u00f3 su opini\u00f3n a la pol\u00e9mica medida del Gobierno de Mendoza. \u00a0Tras la decisi\u00f3n del Gobierno de Cornejo &#8230;<\/p>\n","protected":false},"author":7,"featured_media":137054,"comment_status":"open","ping_status":"open","sticky":false,"template":"","format":"standard","meta":{"footnotes":""},"categories":[5,42],"tags":[],"class_list":["post-137049","post","type-post","status-publish","format-standard","has-post-thumbnail","hentry","category-actualidad","category-opinion"],"_links":{"self":[{"href":"https:\/\/vinasfm.com\/noticias\/wp-json\/wp\/v2\/posts\/137049","targetHints":{"allow":["GET"]}}],"collection":[{"href":"https:\/\/vinasfm.com\/noticias\/wp-json\/wp\/v2\/posts"}],"about":[{"href":"https:\/\/vinasfm.com\/noticias\/wp-json\/wp\/v2\/types\/post"}],"author":[{"embeddable":true,"href":"https:\/\/vinasfm.com\/noticias\/wp-json\/wp\/v2\/users\/7"}],"replies":[{"embeddable":true,"href":"https:\/\/vinasfm.com\/noticias\/wp-json\/wp\/v2\/comments?post=137049"}],"version-history":[{"count":3,"href":"https:\/\/vinasfm.com\/noticias\/wp-json\/wp\/v2\/posts\/137049\/revisions"}],"predecessor-version":[{"id":137095,"href":"https:\/\/vinasfm.com\/noticias\/wp-json\/wp\/v2\/posts\/137049\/revisions\/137095"}],"wp:featuredmedia":[{"embeddable":true,"href":"https:\/\/vinasfm.com\/noticias\/wp-json\/wp\/v2\/media\/137054"}],"wp:attachment":[{"href":"https:\/\/vinasfm.com\/noticias\/wp-json\/wp\/v2\/media?parent=137049"}],"wp:term":[{"taxonomy":"category","embeddable":true,"href":"https:\/\/vinasfm.com\/noticias\/wp-json\/wp\/v2\/categories?post=137049"},{"taxonomy":"post_tag","embeddable":true,"href":"https:\/\/vinasfm.com\/noticias\/wp-json\/wp\/v2\/tags?post=137049"}],"curies":[{"name":"wp","href":"https:\/\/api.w.org\/{rel}","templated":true}]}}