{"id":137046,"date":"2024-07-03T10:20:05","date_gmt":"2024-07-03T13:20:05","guid":{"rendered":"https:\/\/vinasfm.com\/noticias\/?p=137046"},"modified":"2024-07-04T09:56:58","modified_gmt":"2024-07-04T12:56:58","slug":"docentes-mendocinos-podran-capacitarse-y-recibiran-pagos","status":"publish","type":"post","link":"https:\/\/vinasfm.com\/noticias\/docentes-mendocinos-podran-capacitarse-y-recibiran-pagos\/","title":{"rendered":"DOCENTES MENDOCINOS PODR\u00c1N CAPACITARSE Y RECIBIR\u00c1N PAGOS"},"content":{"rendered":"<h4><span style=\"color: #000000;\">La\u00a0<b>Direcci\u00f3n General de Escuelas (DGE)<\/b>\u00a0inform\u00f3 que realizar\u00e1 serie de jornadas destinadas a\u00a0<b>docentes<\/b> para mejorar la calidad educativa de la provincia. El programa se financiar\u00e1 con dinero que Naci\u00f3n adeudaba a Mendoza.<\/span><\/h4>\n<p><span style=\"color: #000000;\">Estos espacios de formaci\u00f3n se desarrollar\u00e1n los s\u00e1bados de manera presencial y\/o virtual y la remuneraci\u00f3n ser\u00e1 de $40.000, pagando el 50% con la asistencia y el otro 50% con la aprobaci\u00f3n final del curso.<\/span><\/p>\n<p><span style=\"color: #000000;\">El ministro de Educaci\u00f3n, Cultura, Infancias y DGE,\u00a0Tadeo Garc\u00eda Zalazar, indic\u00f3 que es una decisi\u00f3n pol\u00edtica destinar parte de los recursos que Naci\u00f3n le deb\u00eda a Mendoza a capacitaci\u00f3n docente.<\/span><\/p>\n<p><span style=\"color: #000000;\">La primera cuota que lleg\u00f3 es de poco m\u00e1s de $2.900 millones y corresponde a parte de la deuda por el pago del Fondo de Garant\u00eda Docente, que Mendoza hab\u00eda abonado oportunamente.<\/span><\/p>\n<div class=\"zone zone_interp\">\n<aside class=\"piece banner standard\">\n<aside id=\"adbanner\" class=\"adbanner\" data-type=\"dfp\">\n<div id=\"entreparrafos2\" data-dfp-banner-display=\"1\" data-dfp-path=\"\/22966415484\/entreparrafos2\" data-dfp-type=\"entreparrafos\" data-dfp-id=\"entreparrafos2\" data-google-query-id=\"COyWnfz5iocDFUqNlQIdk5YF9g\">\n<div id=\"google_ads_iframe_\/22966415484\/entreparrafos2_0__container__\"><span style=\"color: #000000;\">El titular de la cartera educativa agreg\u00f3 que estos programas forman parte de una pol\u00edtica de recursos humanos que busca generar incentivos para aquellos que trabajan frente al aula y mejoren los resultados educativos.<\/span><\/div>\n<div><span style=\"color: #000000;\">\u00a0<\/span><\/div>\n<div><span style=\"color: #000000;\">Garc\u00eda Zalazar dijo que si bien las jornadas remuneradas son optativas, en esta primera instancia estar\u00e1n disponibles 44.000 capacitaciones, luego se evaluar\u00e1n los resultados y a partir de all\u00ed, se programar\u00e1n nuevas instancias.<\/span><\/div>\n<\/div>\n<div><span style=\"color: #000000;\">\u00a0<\/span><\/div>\n<div><span style=\"color: #000000;\"><strong>La realizaci\u00f3n de las jornadas remuneradas ser\u00e1 sobre las \u00e1reas que fueron priorizadas en la gesti\u00f3n con los siguientes temas:<\/strong><\/span><\/div>\n<div>\n<ol>\n<li><span style=\"color: #000000;\">\u00c1rea Lengua: Fluidez, comprensi\u00f3n lectora. Producci\u00f3n oral y escrita.<\/span><\/li>\n<li><span style=\"color: #000000;\">\u00c1rea Matem\u00e1tica: saberes priorizados a partir de los datos arrojados por la muestra realizada.<\/span><\/li>\n<li><span style=\"color: #000000;\">Alfabetizaci\u00f3n: destinada a inicial, primaria, secundaria y j\u00f3venes y adultos.<\/span><\/li>\n<li><span style=\"color: #000000;\">Idioma: servir\u00e1 como base para la presentaci\u00f3n del programa de ingl\u00e9s.<\/span><\/li>\n<li><span style=\"color: #000000;\">Tecnolog\u00eda: destinado a docentes de inicial y primaria.<\/span><\/li>\n<\/ol>\n<p><span style=\"color: #000000;\">Cada una de las \u00e1reas de formaciones remuneradas tendr\u00e1 como formato dos etapas. La primera, por medio de la participaci\u00f3n presencial de los docentes en encuentros organizados en todo el territorio de la provincia. La segunda etapa, v\u00eda plataforma Escuela Digital Mendoza, donde deber\u00e1n subir las actividades generadas a partir de la formaci\u00f3n y los resultados obtenidos con sus estudiantes.<\/span><\/p>\n<p><span style=\"color: #000000;\">En tanto, las capacitaciones destinadas a preceptores y del Servicio de Orientaci\u00f3n Escolar (SOE) tendr\u00e1n el mismo formato propuesto: formaci\u00f3n presencial y propuesta de implementaci\u00f3n con evaluaci\u00f3n de resultados. Los temas priorizados en este caso son: Convivencia escolar, Educaci\u00f3n Sexual Integral (ESI) y protocolos de intervenci\u00f3n sobre situaciones emergentes.<\/span><\/p>\n<p><span style=\"color: #000000;\">Las capacitaciones destinadas a directivos ser\u00e1n, algunas en dos etapas y otras, en el marco del Concurso Directivo, donde especialistas tendr\u00e1n a cargo webinars que se incorporar\u00e1n a la plataforma del concurso y se transmitir\u00e1n por YouTube DGE.<\/span><\/p>\n<p><span style=\"color: #000000;\">Los temas priorizados para este grupo ser\u00e1n rol y liderazgo del director, gesti\u00f3n pedag\u00f3gica, gesti\u00f3n administrativa y financiera, resoluci\u00f3n de conflictos y planificaci\u00f3n estrat\u00e9gica.<\/span><\/p>\n<p><span style=\"color: #000000;\">Las inscripciones estar\u00e1n disponibles al t\u00e9rmino del receso invernal y los interesados podr\u00e1n postularse a trav\u00e9s del GEM para participar de las jornadas y tem\u00e1ticas especificas.<\/span><\/p>\n<\/div>\n<\/aside>\n<\/aside>\n<\/div>\n","protected":false},"excerpt":{"rendered":"<p>La\u00a0Direcci\u00f3n General de Escuelas (DGE)\u00a0inform\u00f3 que realizar\u00e1 serie de jornadas destinadas a\u00a0docentes para mejorar la calidad educativa de la provincia. El &#8230;<\/p>\n","protected":false},"author":7,"featured_media":3878,"comment_status":"open","ping_status":"open","sticky":false,"template":"","format":"standard","meta":{"footnotes":""},"categories":[5,18],"tags":[],"class_list":["post-137046","post","type-post","status-publish","format-standard","has-post-thumbnail","hentry","category-actualidad","category-educacion"],"_links":{"self":[{"href":"https:\/\/vinasfm.com\/noticias\/wp-json\/wp\/v2\/posts\/137046","targetHints":{"allow":["GET"]}}],"collection":[{"href":"https:\/\/vinasfm.com\/noticias\/wp-json\/wp\/v2\/posts"}],"about":[{"href":"https:\/\/vinasfm.com\/noticias\/wp-json\/wp\/v2\/types\/post"}],"author":[{"embeddable":true,"href":"https:\/\/vinasfm.com\/noticias\/wp-json\/wp\/v2\/users\/7"}],"replies":[{"embeddable":true,"href":"https:\/\/vinasfm.com\/noticias\/wp-json\/wp\/v2\/comments?post=137046"}],"version-history":[{"count":1,"href":"https:\/\/vinasfm.com\/noticias\/wp-json\/wp\/v2\/posts\/137046\/revisions"}],"predecessor-version":[{"id":137047,"href":"https:\/\/vinasfm.com\/noticias\/wp-json\/wp\/v2\/posts\/137046\/revisions\/137047"}],"wp:featuredmedia":[{"embeddable":true,"href":"https:\/\/vinasfm.com\/noticias\/wp-json\/wp\/v2\/media\/3878"}],"wp:attachment":[{"href":"https:\/\/vinasfm.com\/noticias\/wp-json\/wp\/v2\/media?parent=137046"}],"wp:term":[{"taxonomy":"category","embeddable":true,"href":"https:\/\/vinasfm.com\/noticias\/wp-json\/wp\/v2\/categories?post=137046"},{"taxonomy":"post_tag","embeddable":true,"href":"https:\/\/vinasfm.com\/noticias\/wp-json\/wp\/v2\/tags?post=137046"}],"curies":[{"name":"wp","href":"https:\/\/api.w.org\/{rel}","templated":true}]}}