{"id":137040,"date":"2024-07-03T09:58:27","date_gmt":"2024-07-03T12:58:27","guid":{"rendered":"https:\/\/vinasfm.com\/noticias\/?p=137040"},"modified":"2024-07-04T09:57:27","modified_gmt":"2024-07-04T12:57:27","slug":"lucha-antigranizo-javier-lopez-sostuvo-que-hay-mucho-malestar-en-el-sector-productivo-con-la-decision-del-gobierno","status":"publish","type":"post","link":"https:\/\/vinasfm.com\/noticias\/lucha-antigranizo-javier-lopez-sostuvo-que-hay-mucho-malestar-en-el-sector-productivo-con-la-decision-del-gobierno\/","title":{"rendered":"LUCHA ANTIGRANIZO: JAVIER L\u00d3PEZ SOSTUVO QUE \u201cHAY MUCHO MALESTAR EN EL SECTOR PRODUCTIVO CON LA DECISI\u00d3N DEL GOBIERNO\u201d"},"content":{"rendered":"<h4>Desde su anuncio, el sector productivo de Mendoza se ha mostrado en desacuerdo con la decisi\u00f3n de levantar la Lucha Antigranizo.<\/h4>\n<p>El pasado lunes, productores de la regi\u00f3n mantuvieron una reuni\u00f3n en donde manifestaron su descontento con la medida. El productor y referente pol\u00edtico, Javier L\u00f3pez, particip\u00f3 de esta y asegur\u00f3 que <strong><em>\u201cdecidir dar de baja algo que lleva tantos a\u00f1os en Mendoza y que los productores han dado a conocer los efectos, es muy lamentable\u201d.<\/em><\/strong><\/p>\n<p>Despu\u00e9s de 40 a\u00f1os de experimentaci\u00f3n con aviones para mitigar los efectos de las\u00a0<strong>devastadoras tormentas en los cultivos de Mendoza<\/strong>, el gobierno provincial anunci\u00f3 cierra la empresa estatal <strong>Aeron\u00e1utica Mendoza Sociedad An\u00f3nima<\/strong> (AEMSA), que prestaba el servicio. <strong><em>\u201cHemos visto que han mejorado el servicio en los \u00faltimos 8 a\u00f1os y, al menos en el oasis sur, pudimos ver efectos muy positivos con su accionar. Ahora quedamos totalmente expuestos y libres a nuestra suerte\u201d<\/em><\/strong>, manifest\u00f3 L\u00f3pez.<\/p>\n<p>Seg\u00fan los datos que aportaron pilotos de AEMSA, en los 4 a\u00f1os en los que no se utiliz\u00f3 la Lucha Antigranizo se vieron afectadas entre 20.000 y 30.000 hect\u00e1reas. En el a\u00f1o 2023 solo fueron afectadas 6.000 hect\u00e1reas en toda la provincia. <strong><em>\u201cSabemos que no es 100% eficaz pero, si cuentan con los recursos necesarios, se podr\u00eda mejorar mucho m\u00e1s\u201d<\/em><\/strong>, agreg\u00f3.<\/p>\n<p><strong><em>\u201cNo podemos entender por qu\u00e9 el Gobierno Provincial tom\u00f3 esta decisi\u00f3n de la noche a la ma\u00f1ana, pero sobre todo nos molesta que el ministro Vargas Arizu no nos dio voz, ni voto. El di\u00e1logo y la informaci\u00f3n es lo m\u00e1s importante para conocer c\u00f3mo nos afecta esta decisi\u00f3n\u201d,<\/em><\/strong> concluy\u00f3 Javier L\u00f3pez.<\/p>\n","protected":false},"excerpt":{"rendered":"<p>Desde su anuncio, el sector productivo de Mendoza se ha mostrado en desacuerdo con la decisi\u00f3n de levantar la Lucha Antigranizo. &#8230;<\/p>\n","protected":false},"author":7,"featured_media":136820,"comment_status":"open","ping_status":"open","sticky":false,"template":"","format":"standard","meta":{"footnotes":""},"categories":[5,197],"tags":[],"class_list":["post-137040","post","type-post","status-publish","format-standard","has-post-thumbnail","hentry","category-actualidad","category-lucha-antigranizo"],"_links":{"self":[{"href":"https:\/\/vinasfm.com\/noticias\/wp-json\/wp\/v2\/posts\/137040","targetHints":{"allow":["GET"]}}],"collection":[{"href":"https:\/\/vinasfm.com\/noticias\/wp-json\/wp\/v2\/posts"}],"about":[{"href":"https:\/\/vinasfm.com\/noticias\/wp-json\/wp\/v2\/types\/post"}],"author":[{"embeddable":true,"href":"https:\/\/vinasfm.com\/noticias\/wp-json\/wp\/v2\/users\/7"}],"replies":[{"embeddable":true,"href":"https:\/\/vinasfm.com\/noticias\/wp-json\/wp\/v2\/comments?post=137040"}],"version-history":[{"count":1,"href":"https:\/\/vinasfm.com\/noticias\/wp-json\/wp\/v2\/posts\/137040\/revisions"}],"predecessor-version":[{"id":137041,"href":"https:\/\/vinasfm.com\/noticias\/wp-json\/wp\/v2\/posts\/137040\/revisions\/137041"}],"wp:featuredmedia":[{"embeddable":true,"href":"https:\/\/vinasfm.com\/noticias\/wp-json\/wp\/v2\/media\/136820"}],"wp:attachment":[{"href":"https:\/\/vinasfm.com\/noticias\/wp-json\/wp\/v2\/media?parent=137040"}],"wp:term":[{"taxonomy":"category","embeddable":true,"href":"https:\/\/vinasfm.com\/noticias\/wp-json\/wp\/v2\/categories?post=137040"},{"taxonomy":"post_tag","embeddable":true,"href":"https:\/\/vinasfm.com\/noticias\/wp-json\/wp\/v2\/tags?post=137040"}],"curies":[{"name":"wp","href":"https:\/\/api.w.org\/{rel}","templated":true}]}}