{"id":137025,"date":"2024-07-03T09:04:10","date_gmt":"2024-07-03T12:04:10","guid":{"rendered":"https:\/\/vinasfm.com\/noticias\/?p=137025"},"modified":"2024-07-03T09:36:46","modified_gmt":"2024-07-03T12:36:46","slug":"vargas-arizu-aseguro-que-no-hay-vuelta-atras-decision-de-levantar-la-lucha-antigranizo","status":"publish","type":"post","link":"https:\/\/vinasfm.com\/noticias\/vargas-arizu-aseguro-que-no-hay-vuelta-atras-decision-de-levantar-la-lucha-antigranizo\/","title":{"rendered":"VARGAS ARIZU ASEGUR\u00d3 QUE \u201cNO HAY VUELTA ATR\u00c1S CON LA DECISI\u00d3N DE LEVANTAR  LA LUCHA ANTIGRANIZO\u201d"},"content":{"rendered":"<h4><span style=\"color: #000000;\"><strong>Hace casi una semana el Gobierno de Alfredo Cornejo anunci\u00f3 que se le pondr\u00e1 fina a la Lucha Antigranizo. La medida caus\u00f3 gran preocupaci\u00f3n en el sector productivo provincial.<\/strong><\/span><\/h4>\n<p><span style=\"color: #000000;\">Desde el anuncio del cierre de la Lucha Antigranizo, productores e involucrados han esperado una explicaci\u00f3n completa por parte del Gobierno Provincial. Finalmente, este martes por la noche, el ministro de Producci\u00f3n Rodolfo Vargas Arizu lleg\u00f3 a General Alvear y mantuvo una reuni\u00f3n en privado con miembros de la C\u00e1mara de Comercio.<\/span><\/p>\n<p><span style=\"color: #000000;\">Luego de una larga espera, Vargas Arizu brind\u00f3 una conferencia de prensa en donde asegur\u00f3 que <strong><em>\u201cla eficiencia de la Lucha Antigranizo es muy discutida y poco usada. En los \u00faltimos 15 a\u00f1os se realizaron estudios en donde se lleg\u00f3 a la conclusi\u00f3n de que, debido a que las tormentas son todas diferentes y no se encuentran patrones en ellas, ser\u00eda m\u00e1s eficaz utilizar estos fondos en ayuda a los productores luego de las tormentas\u201d.<\/em><\/strong><\/span><\/p>\n<p><span style=\"color: #000000;\">Durante la jornada del mismo martes, Cornejo anunci\u00f3 una l\u00ednea de cr\u00e9ditos para productores agr\u00edcolas, ganaderos y pymes de diversas actividades que deseen colocar malla antigranizo, desarrollar eficiencia h\u00eddrica y\/o energ\u00e9tica o realizar compra de activos fijos. Esta l\u00ednea posee una asignaci\u00f3n de 40 mil millones de pesos, <em>\u201ccon una tasa muy buena para todo aquel que est\u00e9 registrado, por lo tanto se trabajar\u00e1 para poder registrar a todos esos productores que no son sujeto de cr\u00e9dito\u201d. <\/em><\/span><\/p>\n<h2><span style=\"color: #000000;\">UNA MEDIDA SIN MARCHA ATR\u00c1S<\/span><\/h2>\n<p><span style=\"color: #000000;\">Cuestionado por la posibilidad de que la Lucha Antigranizo vuelva a funcionar en Mendoza, el ministro de Producci\u00f3n asegur\u00f3 que <strong><em>\u201cno hay marcha atr\u00e1s, ese es un proceso terminado, una decisi\u00f3n de gobierno consensuada, pensada, escrita y ejecutada\u201d<\/em><\/strong> y agreg\u00f3 que <strong><em>\u201cfue consensuado por todos los ministros y algunas C\u00e1maras de la provincia porque no todas est\u00e1n de acuerdo con este medida\u201d.<\/em><\/strong><\/span><\/p>\n<p><span style=\"color: #000000;\">Adem\u00e1s, Vargas Arizu se\u00f1al\u00f3 que <strong><em>\u201cesta de medida se anunci\u00f3 de forma repentina porque era la \u00fanica de forma de hacerlo ya que si se tomaba el tiempo para discutirlo despu\u00e9s no se puede hacer\u201d. \u00a0\u00a0<\/em><\/strong><\/span><\/p>\n<p><span style=\"color: #000000;\">El ministro tambi\u00e9n se refiri\u00f3 al cuestionamiento de prestadores tur\u00edsticos quienes demostraron su preocupaci\u00f3n con las consecuencias que traer\u00e1 levantar la Lucha Antigranizo.<strong><em> \u201cSiempre estuvo planificada para el agro, no fue pensada para el turismo. Es m\u00e1s f\u00e1cil utilizar un seguro en la ciudad porque hay miles de autos y casas, en el agro se habla solo de 100.000 hect\u00e1reas en toda la provincia\u201d. <\/em><\/strong><\/span><\/p>\n","protected":false},"excerpt":{"rendered":"<p>Hace casi una semana el Gobierno de Alfredo Cornejo anunci\u00f3 que se le pondr\u00e1 fina a la Lucha Antigranizo. La medida &#8230;<\/p>\n","protected":false},"author":7,"featured_media":137029,"comment_status":"open","ping_status":"open","sticky":false,"template":"","format":"standard","meta":{"footnotes":""},"categories":[1],"tags":[],"class_list":["post-137025","post","type-post","status-publish","format-standard","has-post-thumbnail","hentry","category-fmvinas"],"_links":{"self":[{"href":"https:\/\/vinasfm.com\/noticias\/wp-json\/wp\/v2\/posts\/137025","targetHints":{"allow":["GET"]}}],"collection":[{"href":"https:\/\/vinasfm.com\/noticias\/wp-json\/wp\/v2\/posts"}],"about":[{"href":"https:\/\/vinasfm.com\/noticias\/wp-json\/wp\/v2\/types\/post"}],"author":[{"embeddable":true,"href":"https:\/\/vinasfm.com\/noticias\/wp-json\/wp\/v2\/users\/7"}],"replies":[{"embeddable":true,"href":"https:\/\/vinasfm.com\/noticias\/wp-json\/wp\/v2\/comments?post=137025"}],"version-history":[{"count":7,"href":"https:\/\/vinasfm.com\/noticias\/wp-json\/wp\/v2\/posts\/137025\/revisions"}],"predecessor-version":[{"id":137038,"href":"https:\/\/vinasfm.com\/noticias\/wp-json\/wp\/v2\/posts\/137025\/revisions\/137038"}],"wp:featuredmedia":[{"embeddable":true,"href":"https:\/\/vinasfm.com\/noticias\/wp-json\/wp\/v2\/media\/137029"}],"wp:attachment":[{"href":"https:\/\/vinasfm.com\/noticias\/wp-json\/wp\/v2\/media?parent=137025"}],"wp:term":[{"taxonomy":"category","embeddable":true,"href":"https:\/\/vinasfm.com\/noticias\/wp-json\/wp\/v2\/categories?post=137025"},{"taxonomy":"post_tag","embeddable":true,"href":"https:\/\/vinasfm.com\/noticias\/wp-json\/wp\/v2\/tags?post=137025"}],"curies":[{"name":"wp","href":"https:\/\/api.w.org\/{rel}","templated":true}]}}