{"id":137018,"date":"2024-07-02T19:55:35","date_gmt":"2024-07-02T22:55:35","guid":{"rendered":"https:\/\/vinasfm.com\/noticias\/?p=137018"},"modified":"2024-07-02T19:55:35","modified_gmt":"2024-07-02T22:55:35","slug":"la-escuela-de-agricultura-celebra-la-xxii-edicion-de-la-feria-del-productor-artesanal","status":"publish","type":"post","link":"https:\/\/vinasfm.com\/noticias\/la-escuela-de-agricultura-celebra-la-xxii-edicion-de-la-feria-del-productor-artesanal\/","title":{"rendered":"LA ESCUELA DE AGRICULTURA CELEBRA LA XXII EDICI\u00d3N DE LA FERIA DEL PRODUCTOR ARTESANAL"},"content":{"rendered":"<h4>Ser\u00e1 este viernes, 5 de julio, en las instalaciones de la instituci\u00f3n.<\/h4>\n<p>Daniela L\u00f3pez, directora de la Escuela de Agricultura Uncuyo, invit\u00f3 a todos los vecinos alvearenses a ser parte de la nueva edici\u00f3n de la Feria del Productor Artesanal. <em><strong>\u00abEste a\u00f1o nos ha sorprendido la gran cantidad de productores artesanales que decidieron ser parte de esta edici\u00f3n\u00bb,<\/strong><\/em> se\u00f1al\u00f3 la directora y sum\u00f3 que <em><strong>\u00abtambi\u00e9n participar\u00e1n, como cada a\u00f1o, los alumnos de la instituci\u00f3n presentando sus proyectos y productos realizados en lo que va del a\u00f1o\u00bb.\u00a0<\/strong><\/em><\/p>\n<p>Acerca de la participaci\u00f3n de los estudiantes, L\u00f3pez explic\u00f3 que <em><strong>\u00aba partir del 2\u00b0 a\u00f1o los alumnos desarrollan un proyecto dentro de una asignatura t\u00e9cnica\u00bb.<\/strong> <\/em>Adem\u00e1s, los alumnos que est\u00e1n culminando su etapa estudiantil en la instituci\u00f3n se encargan de realizar los tradicionales carneos que implican una intensa producci\u00f3n.<\/p>\n<p><em>Como cada a\u00f1o, la Feria del Productor Artesanal cuenta con shows art\u00edsticos en vivo. En esta edici\u00f3n participar\u00e1n Mustaf\u00e1 Sol y estudiantes de la Escuela de Agricultura.<\/em><\/p>\n<p><strong><em>\u00abEsta Feria siempre tiene un doble objetivo, por un lado brindarle un espacio a los productores y artesanos de exponer y comercializar sus creaciones. Por el otro, incentivar el comercio circular en General Alvear \u00ab,<\/em><\/strong> explic\u00f3 Daniela L\u00f3pez, directora de la instituci\u00f3n.<\/p>\n","protected":false},"excerpt":{"rendered":"<p>Ser\u00e1 este viernes, 5 de julio, en las instalaciones de la instituci\u00f3n. Daniela L\u00f3pez, directora de la Escuela de Agricultura Uncuyo, &#8230;<\/p>\n","protected":false},"author":7,"featured_media":137019,"comment_status":"open","ping_status":"open","sticky":false,"template":"","format":"standard","meta":{"footnotes":""},"categories":[1],"tags":[],"class_list":["post-137018","post","type-post","status-publish","format-standard","has-post-thumbnail","hentry","category-fmvinas"],"_links":{"self":[{"href":"https:\/\/vinasfm.com\/noticias\/wp-json\/wp\/v2\/posts\/137018","targetHints":{"allow":["GET"]}}],"collection":[{"href":"https:\/\/vinasfm.com\/noticias\/wp-json\/wp\/v2\/posts"}],"about":[{"href":"https:\/\/vinasfm.com\/noticias\/wp-json\/wp\/v2\/types\/post"}],"author":[{"embeddable":true,"href":"https:\/\/vinasfm.com\/noticias\/wp-json\/wp\/v2\/users\/7"}],"replies":[{"embeddable":true,"href":"https:\/\/vinasfm.com\/noticias\/wp-json\/wp\/v2\/comments?post=137018"}],"version-history":[{"count":1,"href":"https:\/\/vinasfm.com\/noticias\/wp-json\/wp\/v2\/posts\/137018\/revisions"}],"predecessor-version":[{"id":137020,"href":"https:\/\/vinasfm.com\/noticias\/wp-json\/wp\/v2\/posts\/137018\/revisions\/137020"}],"wp:featuredmedia":[{"embeddable":true,"href":"https:\/\/vinasfm.com\/noticias\/wp-json\/wp\/v2\/media\/137019"}],"wp:attachment":[{"href":"https:\/\/vinasfm.com\/noticias\/wp-json\/wp\/v2\/media?parent=137018"}],"wp:term":[{"taxonomy":"category","embeddable":true,"href":"https:\/\/vinasfm.com\/noticias\/wp-json\/wp\/v2\/categories?post=137018"},{"taxonomy":"post_tag","embeddable":true,"href":"https:\/\/vinasfm.com\/noticias\/wp-json\/wp\/v2\/tags?post=137018"}],"curies":[{"name":"wp","href":"https:\/\/api.w.org\/{rel}","templated":true}]}}