{"id":137006,"date":"2024-07-02T11:49:14","date_gmt":"2024-07-02T14:49:14","guid":{"rendered":"https:\/\/vinasfm.com\/noticias\/?p=137006"},"modified":"2024-07-03T10:21:37","modified_gmt":"2024-07-03T13:21:37","slug":"anunciaron-la-licenciatura-en-enfermeria-en-general-alvear","status":"publish","type":"post","link":"https:\/\/vinasfm.com\/noticias\/anunciaron-la-licenciatura-en-enfermeria-en-general-alvear\/","title":{"rendered":"ANUNCIARON LA LICENCIATURA EN ENFERMER\u00cdA EN GENERAL ALVEAR"},"content":{"rendered":"<h4><span style=\"color: #000000;\">La oferta acad\u00e9mica en el departamento se sigue nutriendo y esta vez contribuye al sistema de salud.<\/span><\/h4>\n<p><span style=\"color: #000000;\">Contin\u00faan las buenas noticias para los alvearenses, y es que en la ma\u00f1ana del martes el Se\u00f1or Intendente Alejandro Molero anunci\u00f3 la llegada de la Licenciatura en Enfermer\u00eda, la primera carrera de grado dictada en General Alvear.<\/span><\/p>\n<p><span style=\"color: #000000;\"><strong><em>\u201cSe trata de un hecho hist\u00f3rico para el departamento porque nos permite ampliarnos y fortalecernos pero sobre todo permitir que nuestros j\u00f3venes se capaciten y formen\u201d<\/em><\/strong>, expres\u00f3 el Jefe Comunal. Junto a \u00e9l, estuvieron presentes Silvio Saravia coordinador de la carrera de Enfermer\u00eda de la Universidad de 3 de Febrero, Carlos Gonz\u00e1lez gerente de Cecsagal y Alejandro Torres director del Hospital Enfermeros Argentinos.<\/span><\/p>\n<p><span style=\"color: #000000;\">Un detalle muy importante a destacar es que <strong><em>\u201clos ciudadanos de General Alvear tendr\u00e1n una cuota reducida al 50% gracias al esfuerzo que han hecho la Cooperativa El\u00e9ctrica Cecsagal y el nosocomio local\u201d. <\/em><\/strong><\/span><\/p>\n<p><span style=\"color: #000000;\">El municipio est\u00e1 llevando adelante un intenso trabajo con el objetivo de incrementar la oferta de carreras de grado en el departamento, logrando convenios con la <em>Universidad Nacional de San Luis<\/em>, la <em>Universidad Nacional de La Pampa <\/em>y la <em>Universidad 3 de Febrero<\/em>. Adem\u00e1s, el polo educativo de <em>UGACOOP<\/em> brindar\u00e1 la posibilidad de que se dicten carreras con modalidad presencial.<\/span><\/p>\n<p><span style=\"color: #000000;\">Las inscripciones tendr\u00e1n lugar durante el mes de julio y se estima que el dictado de clases tenga inicio en el mes de agosto.\u00a0 Silvio Saravia, coordinador de la carrera de Enfermer\u00eda de la Universidad 3 de Febrero, explic\u00f3 que <strong><em>\u201cesta Licenciatura tiene una duraci\u00f3n de 2 a\u00f1os y se compone con un fuerte desarrollo de actividades pr\u00e1cticas desde el primer cuatrimestre en el \u00e1mbito hospitalario y en los centros de atenci\u00f3n primaria de la salud. Y, por supuesto, tambi\u00e9n un fuerte desarrollo de actividades sincr\u00f3nicas y asincr\u00f3nicas que el estudiante tiene que desarrollar en estos dos a\u00f1os\u201d.<\/em><\/strong><\/span><\/p>\n<p><span style=\"color: #000000;\">Seg\u00fan se\u00f1al\u00f3 Saravia, <strong><em>\u201cEnfermer\u00eda es uno de los factores y recursos humanos que todav\u00eda falta formaci\u00f3n a nivel nacional y por supuesto que apostar a esto tambi\u00e9n asegura que haya mejor calidad de prestaci\u00f3n a nivel local tambi\u00e9n en salud\u201d.<\/em><\/strong><\/span><\/p>\n<p><span style=\"color: #000000;\">Por su parte, el director del nosocomio local Alejandro Torres, celebr\u00f3 que <strong><em>\u201cesto oportunidad viene a realzar el sistema de salud en General Alvear y por lo tanto el Hospital Enfermeros Argentinos est\u00e1 a total disposici\u00f3n\u201d.<\/em><\/strong> El nosocomio alvearense ya cuenta con la Residencia de Enfermer\u00eda Comunitaria y la \u00a0Residencia M\u00e9dica de Medicina de Familia y con ellas se busca, adem\u00e1s de capacitar y formar a los profesionales de la salud, mejorar la calidad del servicio prestado en la regi\u00f3n.<\/span><\/p>\n","protected":false},"excerpt":{"rendered":"<p>La oferta acad\u00e9mica en el departamento se sigue nutriendo y esta vez contribuye al sistema de salud. Contin\u00faan las buenas noticias &#8230;<\/p>\n","protected":false},"author":7,"featured_media":137010,"comment_status":"open","ping_status":"open","sticky":false,"template":"","format":"standard","meta":{"footnotes":""},"categories":[5,18],"tags":[],"class_list":["post-137006","post","type-post","status-publish","format-standard","has-post-thumbnail","hentry","category-actualidad","category-educacion"],"_links":{"self":[{"href":"https:\/\/vinasfm.com\/noticias\/wp-json\/wp\/v2\/posts\/137006","targetHints":{"allow":["GET"]}}],"collection":[{"href":"https:\/\/vinasfm.com\/noticias\/wp-json\/wp\/v2\/posts"}],"about":[{"href":"https:\/\/vinasfm.com\/noticias\/wp-json\/wp\/v2\/types\/post"}],"author":[{"embeddable":true,"href":"https:\/\/vinasfm.com\/noticias\/wp-json\/wp\/v2\/users\/7"}],"replies":[{"embeddable":true,"href":"https:\/\/vinasfm.com\/noticias\/wp-json\/wp\/v2\/comments?post=137006"}],"version-history":[{"count":1,"href":"https:\/\/vinasfm.com\/noticias\/wp-json\/wp\/v2\/posts\/137006\/revisions"}],"predecessor-version":[{"id":137008,"href":"https:\/\/vinasfm.com\/noticias\/wp-json\/wp\/v2\/posts\/137006\/revisions\/137008"}],"wp:featuredmedia":[{"embeddable":true,"href":"https:\/\/vinasfm.com\/noticias\/wp-json\/wp\/v2\/media\/137010"}],"wp:attachment":[{"href":"https:\/\/vinasfm.com\/noticias\/wp-json\/wp\/v2\/media?parent=137006"}],"wp:term":[{"taxonomy":"category","embeddable":true,"href":"https:\/\/vinasfm.com\/noticias\/wp-json\/wp\/v2\/categories?post=137006"},{"taxonomy":"post_tag","embeddable":true,"href":"https:\/\/vinasfm.com\/noticias\/wp-json\/wp\/v2\/tags?post=137006"}],"curies":[{"name":"wp","href":"https:\/\/api.w.org\/{rel}","templated":true}]}}