{"id":136978,"date":"2024-07-02T09:54:39","date_gmt":"2024-07-02T12:54:39","guid":{"rendered":"https:\/\/vinasfm.com\/noticias\/?p=136978"},"modified":"2024-07-03T09:13:16","modified_gmt":"2024-07-03T12:13:16","slug":"trasladaron-al-hospital-lagomaggiore-al-detenido-que-sufrio-quemaduras-en-su-cuerpo","status":"publish","type":"post","link":"https:\/\/vinasfm.com\/noticias\/trasladaron-al-hospital-lagomaggiore-al-detenido-que-sufrio-quemaduras-en-su-cuerpo\/","title":{"rendered":"TRASLADARON AL HOSPITAL LAGOMAGGIORE AL DETENIDO QUE SUFRI\u00d3 QUEMADURAS EN SU CUERPO CUANDO ESTABA ALOJADO EN COMISARIA 14"},"content":{"rendered":"<h4><span style=\"color: #000000;\">El siniestro se produjo en la madrugada del pasado s\u00e1bado cuando se incendi\u00f3 un calabozo de la Comisar\u00eda 14. El detenido alojado en el lugar sufri\u00f3 quemaduras en gran parte de su cuerpo.<\/span><\/h4>\n<p><span style=\"color: #000000;\">Luego del hecho, el Comisario Iv\u00e1n Bem\u00fadez se\u00f1al\u00f3 que el detenido hab\u00eda sido trasladado al hospital sanrafaelino Teodoro J, Schestakow. Sin embargo, esta ma\u00f1ana, el helic\u00f3ptero sanitario de la provincia protagoniz\u00f3 un nuevo operativo de traslado en San Rafael; lleg\u00f3 proveniente del norte al helipuerto del Schestakow y a los pocos minutos despeg\u00f3 para su retorno.<\/span><\/p>\n<p><span style=\"color: #000000;\">La aeronave traslad\u00f3 hacia el hospital Lagomaggiore al detenido que permanecido internado en San Rafael. Seg\u00fan se pudo conocer, el paciente con quemaduras requer\u00eda de cuidados de mayor complejidad.<\/span><\/p>\n","protected":false},"excerpt":{"rendered":"<p>El siniestro se produjo en la madrugada del pasado s\u00e1bado cuando se incendi\u00f3 un calabozo de la Comisar\u00eda 14. El detenido &#8230;<\/p>\n","protected":false},"author":7,"featured_media":136984,"comment_status":"open","ping_status":"open","sticky":false,"template":"","format":"standard","meta":{"footnotes":""},"categories":[5,4],"tags":[],"class_list":["post-136978","post","type-post","status-publish","format-standard","has-post-thumbnail","hentry","category-actualidad","category-policiales"],"_links":{"self":[{"href":"https:\/\/vinasfm.com\/noticias\/wp-json\/wp\/v2\/posts\/136978","targetHints":{"allow":["GET"]}}],"collection":[{"href":"https:\/\/vinasfm.com\/noticias\/wp-json\/wp\/v2\/posts"}],"about":[{"href":"https:\/\/vinasfm.com\/noticias\/wp-json\/wp\/v2\/types\/post"}],"author":[{"embeddable":true,"href":"https:\/\/vinasfm.com\/noticias\/wp-json\/wp\/v2\/users\/7"}],"replies":[{"embeddable":true,"href":"https:\/\/vinasfm.com\/noticias\/wp-json\/wp\/v2\/comments?post=136978"}],"version-history":[{"count":2,"href":"https:\/\/vinasfm.com\/noticias\/wp-json\/wp\/v2\/posts\/136978\/revisions"}],"predecessor-version":[{"id":136985,"href":"https:\/\/vinasfm.com\/noticias\/wp-json\/wp\/v2\/posts\/136978\/revisions\/136985"}],"wp:featuredmedia":[{"embeddable":true,"href":"https:\/\/vinasfm.com\/noticias\/wp-json\/wp\/v2\/media\/136984"}],"wp:attachment":[{"href":"https:\/\/vinasfm.com\/noticias\/wp-json\/wp\/v2\/media?parent=136978"}],"wp:term":[{"taxonomy":"category","embeddable":true,"href":"https:\/\/vinasfm.com\/noticias\/wp-json\/wp\/v2\/categories?post=136978"},{"taxonomy":"post_tag","embeddable":true,"href":"https:\/\/vinasfm.com\/noticias\/wp-json\/wp\/v2\/tags?post=136978"}],"curies":[{"name":"wp","href":"https:\/\/api.w.org\/{rel}","templated":true}]}}