{"id":136974,"date":"2024-07-02T09:11:09","date_gmt":"2024-07-02T12:11:09","guid":{"rendered":"https:\/\/vinasfm.com\/noticias\/?p=136974"},"modified":"2024-07-03T09:13:36","modified_gmt":"2024-07-03T12:13:36","slug":"jose-vilches-se-refirio-al-cierre-de-la-lucha-antigranizo-y-aseguro-que-pese-a-no-ser-100-efectiva-ha-protegido-la-produccion-local","status":"publish","type":"post","link":"https:\/\/vinasfm.com\/noticias\/jose-vilches-se-refirio-al-cierre-de-la-lucha-antigranizo-y-aseguro-que-pese-a-no-ser-100-efectiva-ha-protegido-la-produccion-local\/","title":{"rendered":"JOS\u00c9 VILCHES SE REFIRI\u00d3 AL CIERRE DE LA LUCHA ANTIGRANIZO Y ASEGUR\u00d3 QUE \u201cPESE A NO SER 100% EFECTIVA, HA PROTEGIDO LA PRODUCCI\u00d3N LOCAL\u201d"},"content":{"rendered":"<h4><span style=\"color: #000000;\"><strong>El gobierno de Alfredo Cornejo tom\u00f3 la medida y en su lugar propuso un nuevo seguro agr\u00edcola<\/strong><\/span><\/h4>\n<p><span style=\"color: #000000;\">En respuesta esta decisi\u00f3n, distintas figuras y productores se manifestaron en los \u00faltimos d\u00edas. La pol\u00e9mica medida llev\u00f3 a que se cuestionara si <strong><em>\u201cal Gobierno Provincial le interesa el agro\u201d,<\/em><\/strong> otros aseguraron que el objetivo es <strong><em>\u201cdesaparecer la agricultura y darle mayor lugar a la miner\u00eda en la provincia\u201d.<\/em><\/strong><\/span><\/p>\n<p><span style=\"color: #000000;\">El diputado radical Jos\u00e9 V\u00edlches se refiri\u00f3 al cierre de la lucha antigranizo y asegur\u00f3 que <strong><em>\u201csi bien se trata de un paliativo que busca reducir el ta\u00f1o del granizo hasta convertirlo en agua, ha tenido buenos resultados\u201d. <\/em><\/strong>Obtener una respuesta positiva con la lucha antigranizo depende de distintas variables como lo son el tiempo, las distancias y recursos. As\u00ed mismo, consider\u00f3 que <strong><em>\u201cla instalaci\u00f3n de mallas antigranizo dar\u00e1 mucho mejores resultados\u201d.<\/em><\/strong><\/span><\/p>\n<p><span style=\"color: #000000;\">Otros de los puntos cuestionados en la medida anunciada por el Gobierno Provincial es la propuesta de un nuevo seguro agr\u00edcola ya que los datos obtenidos se\u00f1alan que solo un peque\u00f1o porcentaje de productores provinciales podr\u00e1n acceder a \u00e9l. <strong><em>\u201cEntendemos que a instalaci\u00f3n de las mallas van a reducir mucho m\u00e1s los da\u00f1os producidos por el granizo, pero tambi\u00e9n somos consientes de que no todos los productores son capaces de sostener un cr\u00e9dito\u201d. <\/em><\/strong><\/span><\/p>\n<p><span style=\"color: #000000;\">Por \u00faltimo, el diputado remarc\u00f3 que <strong><em>\u201csi bien la actual lucha antigranizo no ha dado resultados plenamente efectivos, ha tra\u00eddo protegido la producci\u00f3n local\u201d.<\/em><\/strong><\/span><\/p>\n","protected":false},"excerpt":{"rendered":"<p>El gobierno de Alfredo Cornejo tom\u00f3 la medida y en su lugar propuso un nuevo seguro agr\u00edcola En respuesta esta decisi\u00f3n, &#8230;<\/p>\n","protected":false},"author":7,"featured_media":136975,"comment_status":"open","ping_status":"open","sticky":false,"template":"","format":"standard","meta":{"footnotes":""},"categories":[5,197],"tags":[],"class_list":["post-136974","post","type-post","status-publish","format-standard","has-post-thumbnail","hentry","category-actualidad","category-lucha-antigranizo"],"_links":{"self":[{"href":"https:\/\/vinasfm.com\/noticias\/wp-json\/wp\/v2\/posts\/136974","targetHints":{"allow":["GET"]}}],"collection":[{"href":"https:\/\/vinasfm.com\/noticias\/wp-json\/wp\/v2\/posts"}],"about":[{"href":"https:\/\/vinasfm.com\/noticias\/wp-json\/wp\/v2\/types\/post"}],"author":[{"embeddable":true,"href":"https:\/\/vinasfm.com\/noticias\/wp-json\/wp\/v2\/users\/7"}],"replies":[{"embeddable":true,"href":"https:\/\/vinasfm.com\/noticias\/wp-json\/wp\/v2\/comments?post=136974"}],"version-history":[{"count":5,"href":"https:\/\/vinasfm.com\/noticias\/wp-json\/wp\/v2\/posts\/136974\/revisions"}],"predecessor-version":[{"id":136989,"href":"https:\/\/vinasfm.com\/noticias\/wp-json\/wp\/v2\/posts\/136974\/revisions\/136989"}],"wp:featuredmedia":[{"embeddable":true,"href":"https:\/\/vinasfm.com\/noticias\/wp-json\/wp\/v2\/media\/136975"}],"wp:attachment":[{"href":"https:\/\/vinasfm.com\/noticias\/wp-json\/wp\/v2\/media?parent=136974"}],"wp:term":[{"taxonomy":"category","embeddable":true,"href":"https:\/\/vinasfm.com\/noticias\/wp-json\/wp\/v2\/categories?post=136974"},{"taxonomy":"post_tag","embeddable":true,"href":"https:\/\/vinasfm.com\/noticias\/wp-json\/wp\/v2\/tags?post=136974"}],"curies":[{"name":"wp","href":"https:\/\/api.w.org\/{rel}","templated":true}]}}