{"id":136971,"date":"2024-07-02T08:22:08","date_gmt":"2024-07-02T11:22:08","guid":{"rendered":"https:\/\/vinasfm.com\/noticias\/?p=136971"},"modified":"2024-07-03T09:13:52","modified_gmt":"2024-07-03T12:13:52","slug":"mas-de-20-empresas-comienzan-su-camino-exportador-con-promendoza","status":"publish","type":"post","link":"https:\/\/vinasfm.com\/noticias\/mas-de-20-empresas-comienzan-su-camino-exportador-con-promendoza\/","title":{"rendered":"M\u00c1S DE 20 EMPRESAS COMIENZAN SU CAMINO EXPORTADOR CON PROMENDOZA"},"content":{"rendered":"<h4><span style=\"color: #000000;\">ProMendoza anunci\u00f3 que hay 22 nuevas empresas inscriptas y 8 consultores que ser\u00e1n parte de \u00c1gilNex, el programa de asistencia t\u00e9cnica de peque\u00f1as y medianas empresas de la provincia que buscan llegar con sus productos y servicios al exterior y que comienza este 1 de julio.<\/span><\/h4>\n<p><span style=\"color: #000000;\">Pymes pertenecientes a los sectores de servicios basados en el conocimiento, de alimentos procesados, industria vitivin\u00edcola y productos industrializados participar\u00e1n en \u00c1gilNex, el nuevo programa que utiliza metodolog\u00edas \u00e1giles, enfocadas en gesti\u00f3n de proyectos orientados a dar los primeros pasos para exportar.<\/span><\/p>\n<p><span style=\"color: #000000;\">Las 22 firmas participantes est\u00e1n emplazadas en distintos puntos de la provincia y se desempe\u00f1an en diferentes rubros. Se trata de una empresa de\u00a0<em>software\u00a0<\/em>y\u00a0<em>hardware\u00a0<\/em>para seguimiento satelital y\u00a0<em>smartcities<\/em>; una de implementaci\u00f3n de\u00a0<em>software\u00a0<\/em>en empresas y desarrollo de aplicaciones; dos secaderos que incluyen ciruela, durazno, tomate y uvas sin semilla; una f\u00e1brica de alfajores; una de productos\u00a0<em>gourmet<\/em>; trece bodegas; una de frutos secos; una de fertilizantes granulados, solubles y foliares, y un fabricante de pinturas de uso arquitect\u00f3nico e industrial y revestimientos texturales.<\/span><\/p>\n<p><span style=\"color: #000000;\">\u00c1gilNex consiste en una consultor\u00eda profesional personalizada, que apunta a que, en seis meses, una pyme haga avances concretos en sus primeros pasos para exportar.<\/span><\/p>\n<p><span style=\"color: #000000;\">Debido al gran inter\u00e9s de nuevos consultores, fue necesario realizar un proceso de preselecci\u00f3n, enfocado en el perfil de las empresas interesadas. De los 43 consultores que aplicaron, 26 obtuvieron el puntaje de perfil m\u00e1s adecuado para las pymes inscriptas.<\/span><\/p>\n<h2><span style=\"color: #000000;\"><strong>Preselecci\u00f3n de consultores<\/strong><\/span><\/h2>\n<p><span style=\"color: #000000;\">El comit\u00e9 evaluador estuvo integrado por profesionales de ProMendoza que realizaron un an\u00e1lisis a ciegas de los\u00a0<em>curriculum vitae\u00a0<\/em>y de los videos presentados.<\/span><\/p>\n<p><span style=\"color: #000000;\">En el caso de los CV, se puntu\u00f3 la formaci\u00f3n acad\u00e9mica, experiencia de rubro, habilidades interpersonales y perfil comercial. El comit\u00e9 estuvo integrado por <strong>Carolina Su\u00e1rez Garc\u00e9s, Dania Bonadeo, Javier Rojas, Gaetano Aguilera Prisco, Gerardo Arribas, Guillermo Mart\u00ednez y Virginia Donati.<\/strong><\/span><\/p>\n<p><span style=\"color: #000000;\">En los videos se observ\u00f3 la claridad y cohesi\u00f3n de sus mensajes, la relevancia del contenido, habilidad de comunicaci\u00f3n e impacto general. Este comit\u00e9 estuvo integrado por <strong>Mar\u00eda Cristina Sinatra, Laura Cicchitti, Javier Machado y Noelia de la Rosa.<\/strong><\/span><\/p>\n<h2><span style=\"color: #000000;\"><strong>Las etapas del programa \u00c1gilNex<\/strong><\/span><\/h2>\n<p><span style=\"color: #000000;\"><strong>Etapa 1 (un mes):<\/strong> Diagn\u00f3stico e identificaci\u00f3n de barreras. El consultor y la empresa identificar\u00e1n fortalezas, debilidades, oportunidades y amenazas, y detallar\u00e1n las barreras a la exportaci\u00f3n.<\/span><\/p>\n<p><span style=\"color: #000000;\"><strong>Etapa 2 (dos meses):<\/strong> Dise\u00f1o del Plan de Internacionalizaci\u00f3n. Se dise\u00f1ar\u00e1 un plan detallado incluyendo tratamiento aduanero, destino, producto\/servicio, precio, canales y actividades de promoci\u00f3n comercial.<\/span><\/p>\n<p><span style=\"color: #000000;\"><strong>Etapa 3 (dos meses):<\/strong> Implementaci\u00f3n \u00c1gil. Se usar\u00e1 un enfoque \u00e1gil para crear un Plan M\u00ednimo Viable y probarlo en una ronda inversa simulacro o actividad similar, ajustando el plan seg\u00fan las lecciones aprendidas.<\/span><\/p>\n<p><span style=\"color: #000000;\"><strong>Etapa 4 (un mes):<\/strong> Elaboraci\u00f3n de la Hoja de Ruta. Se finalizar\u00e1 el Plan de Internacionalizaci\u00f3n con acciones detalladas, responsables y tiempos para una primera operaci\u00f3n de exportaci\u00f3n exitosa.<\/span><\/p>\n","protected":false},"excerpt":{"rendered":"<p>ProMendoza anunci\u00f3 que hay 22 nuevas empresas inscriptas y 8 consultores que ser\u00e1n parte de \u00c1gilNex, el programa de asistencia t\u00e9cnica &#8230;<\/p>\n","protected":false},"author":7,"featured_media":136973,"comment_status":"open","ping_status":"open","sticky":false,"template":"","format":"standard","meta":{"footnotes":""},"categories":[5,195],"tags":[],"class_list":["post-136971","post","type-post","status-publish","format-standard","has-post-thumbnail","hentry","category-actualidad","category-emprendedores-2"],"_links":{"self":[{"href":"https:\/\/vinasfm.com\/noticias\/wp-json\/wp\/v2\/posts\/136971","targetHints":{"allow":["GET"]}}],"collection":[{"href":"https:\/\/vinasfm.com\/noticias\/wp-json\/wp\/v2\/posts"}],"about":[{"href":"https:\/\/vinasfm.com\/noticias\/wp-json\/wp\/v2\/types\/post"}],"author":[{"embeddable":true,"href":"https:\/\/vinasfm.com\/noticias\/wp-json\/wp\/v2\/users\/7"}],"replies":[{"embeddable":true,"href":"https:\/\/vinasfm.com\/noticias\/wp-json\/wp\/v2\/comments?post=136971"}],"version-history":[{"count":1,"href":"https:\/\/vinasfm.com\/noticias\/wp-json\/wp\/v2\/posts\/136971\/revisions"}],"predecessor-version":[{"id":136972,"href":"https:\/\/vinasfm.com\/noticias\/wp-json\/wp\/v2\/posts\/136971\/revisions\/136972"}],"wp:featuredmedia":[{"embeddable":true,"href":"https:\/\/vinasfm.com\/noticias\/wp-json\/wp\/v2\/media\/136973"}],"wp:attachment":[{"href":"https:\/\/vinasfm.com\/noticias\/wp-json\/wp\/v2\/media?parent=136971"}],"wp:term":[{"taxonomy":"category","embeddable":true,"href":"https:\/\/vinasfm.com\/noticias\/wp-json\/wp\/v2\/categories?post=136971"},{"taxonomy":"post_tag","embeddable":true,"href":"https:\/\/vinasfm.com\/noticias\/wp-json\/wp\/v2\/tags?post=136971"}],"curies":[{"name":"wp","href":"https:\/\/api.w.org\/{rel}","templated":true}]}}