{"id":136957,"date":"2024-07-01T17:45:55","date_gmt":"2024-07-01T20:45:55","guid":{"rendered":"https:\/\/vinasfm.com\/noticias\/?p=136957"},"modified":"2024-07-03T09:15:33","modified_gmt":"2024-07-03T12:15:33","slug":"iniciaron-las-tareas-de-construccion-del-polo-educativo-de-ugacoop","status":"publish","type":"post","link":"https:\/\/vinasfm.com\/noticias\/iniciaron-las-tareas-de-construccion-del-polo-educativo-de-ugacoop\/","title":{"rendered":"INICIARON LAS TAREAS DE CONSTRUCCI\u00d3N DEL POLO EDUCATIVO DE UGACOOP"},"content":{"rendered":"<h4>Tal y como lo anunci\u00f3 el Jefe Comunal, esta ma\u00f1ana General Alvear comenz\u00f3 a ver los primeros pasos en la construcci\u00f3n del polo educativo.<\/h4>\n<p>Hace una semana el Sr. Intendente Alejandro Molero anunci\u00f3, entre otras noticias, que en julio comenzar\u00eda a ejecutarse la primera etapa de este proyecto. Presente en el predio de UGACOOP, Molero se\u00f1al\u00f3 que<strong><em> \u00abfruto de una serie de gestiones realizadas en el Ministerio de Infraestructura de la Provincia hemos podido darle inicio a una de las obras m\u00e1s importantes para el departamento\u00bb.\u00a0<\/em><\/strong><\/p>\n<p>Este campus cuenta con una inversi\u00f3n de aproximadamente de cuatro mil quinientos millones de pesos y consiste en alrededor de 3.000 metros cuadrados cubiertos. Seg\u00fan explic\u00f3 el Jefe Comunal, <strong><em>\u00abha sido aprobada la totalidad de la obra y sus tres etapas\u00bb.\u00a0<\/em><\/strong><\/p>\n<p><a href=\"https:\/\/vinasfm.com\/noticias\/wp-content\/uploads\/2024\/07\/IMG-20240701-WA0064.jpg\"><img loading=\"lazy\" decoding=\"async\" class=\"alignnone size-medium wp-image-136958\" src=\"https:\/\/vinasfm.com\/noticias\/wp-content\/uploads\/2024\/07\/IMG-20240701-WA0064-300x169.jpg\" alt=\"\" width=\"300\" height=\"169\" srcset=\"https:\/\/vinasfm.com\/noticias\/wp-content\/uploads\/2024\/07\/IMG-20240701-WA0064-300x169.jpg 300w, https:\/\/vinasfm.com\/noticias\/wp-content\/uploads\/2024\/07\/IMG-20240701-WA0064-1024x577.jpg 1024w, https:\/\/vinasfm.com\/noticias\/wp-content\/uploads\/2024\/07\/IMG-20240701-WA0064-768x432.jpg 768w, https:\/\/vinasfm.com\/noticias\/wp-content\/uploads\/2024\/07\/IMG-20240701-WA0064-1536x865.jpg 1536w, https:\/\/vinasfm.com\/noticias\/wp-content\/uploads\/2024\/07\/IMG-20240701-WA0064-750x420.jpg 750w, https:\/\/vinasfm.com\/noticias\/wp-content\/uploads\/2024\/07\/IMG-20240701-WA0064-1140x641.jpg 1140w, https:\/\/vinasfm.com\/noticias\/wp-content\/uploads\/2024\/07\/IMG-20240701-WA0064.jpg 1600w\" sizes=\"auto, (max-width: 300px) 100vw, 300px\" \/><\/a> <a href=\"https:\/\/vinasfm.com\/noticias\/wp-content\/uploads\/2024\/07\/IMG-20240701-WA0063.jpg\"><img loading=\"lazy\" decoding=\"async\" class=\"alignnone size-medium wp-image-136959\" src=\"https:\/\/vinasfm.com\/noticias\/wp-content\/uploads\/2024\/07\/IMG-20240701-WA0063-300x169.jpg\" alt=\"\" width=\"300\" height=\"169\" srcset=\"https:\/\/vinasfm.com\/noticias\/wp-content\/uploads\/2024\/07\/IMG-20240701-WA0063-300x169.jpg 300w, https:\/\/vinasfm.com\/noticias\/wp-content\/uploads\/2024\/07\/IMG-20240701-WA0063-1024x577.jpg 1024w, https:\/\/vinasfm.com\/noticias\/wp-content\/uploads\/2024\/07\/IMG-20240701-WA0063-768x432.jpg 768w, https:\/\/vinasfm.com\/noticias\/wp-content\/uploads\/2024\/07\/IMG-20240701-WA0063-1536x865.jpg 1536w, https:\/\/vinasfm.com\/noticias\/wp-content\/uploads\/2024\/07\/IMG-20240701-WA0063-750x420.jpg 750w, https:\/\/vinasfm.com\/noticias\/wp-content\/uploads\/2024\/07\/IMG-20240701-WA0063-1140x641.jpg 1140w, https:\/\/vinasfm.com\/noticias\/wp-content\/uploads\/2024\/07\/IMG-20240701-WA0063.jpg 1600w\" sizes=\"auto, (max-width: 300px) 100vw, 300px\" \/><\/a><\/p>\n<p>Nicol\u00e1s Mart\u00ednez, Ingeniero de Universo Construcciones -empresa a cargo de la ejecuci\u00f3n del polo educativo- brind\u00f3 detalles t\u00e9cnicos de la construcci\u00f3n. <strong><em>\u00abSe trata de una obra muy simple que consiste en m\u00f3dulos independientes, con una estructura 100% met\u00e1lica. La agilidad y facilidad en este tipo de construcci\u00f3n nos ha permitido la ejecuci\u00f3n de esta obra en distintas etapas para que, de a poco, comiencen a entrar en funcionamiento\u00bb.<\/em><\/strong><\/p>\n<h6>G. Vallejos<\/h6>\n","protected":false},"excerpt":{"rendered":"<p>Tal y como lo anunci\u00f3 el Jefe Comunal, esta ma\u00f1ana General Alvear comenz\u00f3 a ver los primeros pasos en la construcci\u00f3n &#8230;<\/p>\n","protected":false},"author":7,"featured_media":136960,"comment_status":"open","ping_status":"open","sticky":false,"template":"","format":"standard","meta":{"footnotes":""},"categories":[5,10],"tags":[],"class_list":["post-136957","post","type-post","status-publish","format-standard","has-post-thumbnail","hentry","category-actualidad","category-destacadas"],"_links":{"self":[{"href":"https:\/\/vinasfm.com\/noticias\/wp-json\/wp\/v2\/posts\/136957","targetHints":{"allow":["GET"]}}],"collection":[{"href":"https:\/\/vinasfm.com\/noticias\/wp-json\/wp\/v2\/posts"}],"about":[{"href":"https:\/\/vinasfm.com\/noticias\/wp-json\/wp\/v2\/types\/post"}],"author":[{"embeddable":true,"href":"https:\/\/vinasfm.com\/noticias\/wp-json\/wp\/v2\/users\/7"}],"replies":[{"embeddable":true,"href":"https:\/\/vinasfm.com\/noticias\/wp-json\/wp\/v2\/comments?post=136957"}],"version-history":[{"count":1,"href":"https:\/\/vinasfm.com\/noticias\/wp-json\/wp\/v2\/posts\/136957\/revisions"}],"predecessor-version":[{"id":136961,"href":"https:\/\/vinasfm.com\/noticias\/wp-json\/wp\/v2\/posts\/136957\/revisions\/136961"}],"wp:featuredmedia":[{"embeddable":true,"href":"https:\/\/vinasfm.com\/noticias\/wp-json\/wp\/v2\/media\/136960"}],"wp:attachment":[{"href":"https:\/\/vinasfm.com\/noticias\/wp-json\/wp\/v2\/media?parent=136957"}],"wp:term":[{"taxonomy":"category","embeddable":true,"href":"https:\/\/vinasfm.com\/noticias\/wp-json\/wp\/v2\/categories?post=136957"},{"taxonomy":"post_tag","embeddable":true,"href":"https:\/\/vinasfm.com\/noticias\/wp-json\/wp\/v2\/tags?post=136957"}],"curies":[{"name":"wp","href":"https:\/\/api.w.org\/{rel}","templated":true}]}}