{"id":136954,"date":"2024-07-01T17:22:38","date_gmt":"2024-07-01T20:22:38","guid":{"rendered":"https:\/\/vinasfm.com\/noticias\/?p=136954"},"modified":"2024-07-02T10:22:35","modified_gmt":"2024-07-02T13:22:35","slug":"el-municipio-firmo-un-convenio-con-la-utn","status":"publish","type":"post","link":"https:\/\/vinasfm.com\/noticias\/el-municipio-firmo-un-convenio-con-la-utn\/","title":{"rendered":"EL MUNICIPIO FIRM\u00d3 UN CONVENIO CON LA UTN"},"content":{"rendered":"<h4>General Alvear, a trav\u00e9s de la secretaria de Desarrollo Econ\u00f3mico, firmar\u00e1 un convenio con la UTN en el marco de la creaci\u00f3n de la Agencia de Desarrollo del Sur compuesta por los municipios de Alvear, San Rafael y Malarg\u00fce.<\/h4>\n<p>Esto representa un instrumento de pol\u00edticas, una propuesta de responsabilidad compartida y de compromiso institucional. Aspira a concertar un proceso integral que permita poner en marcha un modelo de transformaci\u00f3n cualitativamente diferente al llevado a cabo de manera unilateral.<\/p>\n<p>Se busca impulsar pol\u00edticas de Estado para promover el desarrollo de la regi\u00f3n sur como parte fundamental del futuro de la provincia. Esta agencia de desarrollo regional tiene no solamente el aval pol\u00edtico y t\u00e9cnico, sino tambi\u00e9n la necesidad de avanzar en pol\u00edticas de Estado para poner en valor las potencialidades que tenemos como regi\u00f3n sur.<\/p>\n<p>Hugo Molina, secretario de Desarrollo Econ\u00f3mico mencion\u00f3 <em><strong>\u201ceste convenio tiene como objetivo que a trav\u00e9s de una diplomatura haya agentes de desarrollo en el territorio\u201d.<\/strong><\/em><\/p>\n<p>Roberto V\u00edlchez- decano de UTN dijo <em><strong>\u201ccon esto vamos a ir materializando y concretando las relaciones con los tres municipios para que la Agencia de Desarrollo del Sur pueda potencializarse. Lo que vamos ha realizar es el inicio de esta diplomatura para apoyar el desarrollo de todo el oasis sur\u201d.<\/strong><\/em><\/p>\n","protected":false},"excerpt":{"rendered":"<p>General Alvear, a trav\u00e9s de la secretaria de Desarrollo Econ\u00f3mico, firmar\u00e1 un convenio con la UTN en el marco de la &#8230;<\/p>\n","protected":false},"author":7,"featured_media":136955,"comment_status":"open","ping_status":"open","sticky":false,"template":"","format":"standard","meta":{"footnotes":""},"categories":[5,18],"tags":[],"class_list":["post-136954","post","type-post","status-publish","format-standard","has-post-thumbnail","hentry","category-actualidad","category-educacion"],"_links":{"self":[{"href":"https:\/\/vinasfm.com\/noticias\/wp-json\/wp\/v2\/posts\/136954","targetHints":{"allow":["GET"]}}],"collection":[{"href":"https:\/\/vinasfm.com\/noticias\/wp-json\/wp\/v2\/posts"}],"about":[{"href":"https:\/\/vinasfm.com\/noticias\/wp-json\/wp\/v2\/types\/post"}],"author":[{"embeddable":true,"href":"https:\/\/vinasfm.com\/noticias\/wp-json\/wp\/v2\/users\/7"}],"replies":[{"embeddable":true,"href":"https:\/\/vinasfm.com\/noticias\/wp-json\/wp\/v2\/comments?post=136954"}],"version-history":[{"count":1,"href":"https:\/\/vinasfm.com\/noticias\/wp-json\/wp\/v2\/posts\/136954\/revisions"}],"predecessor-version":[{"id":136956,"href":"https:\/\/vinasfm.com\/noticias\/wp-json\/wp\/v2\/posts\/136954\/revisions\/136956"}],"wp:featuredmedia":[{"embeddable":true,"href":"https:\/\/vinasfm.com\/noticias\/wp-json\/wp\/v2\/media\/136955"}],"wp:attachment":[{"href":"https:\/\/vinasfm.com\/noticias\/wp-json\/wp\/v2\/media?parent=136954"}],"wp:term":[{"taxonomy":"category","embeddable":true,"href":"https:\/\/vinasfm.com\/noticias\/wp-json\/wp\/v2\/categories?post=136954"},{"taxonomy":"post_tag","embeddable":true,"href":"https:\/\/vinasfm.com\/noticias\/wp-json\/wp\/v2\/tags?post=136954"}],"curies":[{"name":"wp","href":"https:\/\/api.w.org\/{rel}","templated":true}]}}