{"id":136887,"date":"2024-06-30T14:58:02","date_gmt":"2024-06-30T17:58:02","guid":{"rendered":"https:\/\/vinasfm.com\/noticias\/?p=136887"},"modified":"2024-07-01T09:52:01","modified_gmt":"2024-07-01T12:52:01","slug":"molero-destaco-logros-y-proyectos-en-los-festejos-de-san-pedro-del-atuel","status":"publish","type":"post","link":"https:\/\/vinasfm.com\/noticias\/molero-destaco-logros-y-proyectos-en-los-festejos-de-san-pedro-del-atuel\/","title":{"rendered":"MOLERO DESTAC\u00d3 LOGROS Y PROYECTOS EN LOS FESTEJOS DE SAN PEDRO DEL ATUEL"},"content":{"rendered":"<h4>En el marco de los festejos por el d\u00eda del San Pedro, patrono del distrito conocido tambi\u00e9n como Carmensa, el intendente Alejandro Molero dirigi\u00f3 unas palabras durante el acto oficial que reuni\u00f3 a la comunidad en un fin de semana lleno de actividades festivas.<\/h4>\n<p>En pleno acto oficial y antes del desfile, el Jefe Comunal agradeci\u00f3 la participaci\u00f3n de todos los presentes y resalt\u00f3 los logros alcanzados y los proyectos en marcha en el distrito. En su discurso, hizo hincapi\u00e9 en la importancia de impulsar la reactivaci\u00f3n productiva de la zona, enfatizando la necesidad de trabajar juntos para fortalecer la econom\u00eda local y mejorar la calidad de vida de los habitantes.<\/p>\n<p><em><strong>\u201cCarmensa luce distinto. Luce distinto porque estamos trabajando tambi\u00e9n en que los vecinos de este querido distrito tengan a diario mejor calidad de vida. Simplemente decirles que en muy poquito tiempo hemos logrado colocar m\u00e1s de 70 luminarias LED, que estamos trabajando en un programa de asfalto que apenas mejora en los d\u00edas. A la salida del proceso invernal vamos a comenzar con la pavimentaci\u00f3n de varias arterias del distrito\u201d<\/strong><\/em>, anunci\u00f3 Molero.<\/p>\n<p>Adem\u00e1s, transmiti\u00f3 un mensaje de optimismo y esperanza para el futuro, destacando la capacidad de la comunidad para superar desaf\u00edos y construir un camino hacia un horizonte pr\u00f3spero. Brind\u00f3 por el crecimiento y desarrollo continuo de Carmensa, as\u00ed como por el bienestar y progreso de toda la Rep\u00fablica Argentina.<\/p>\n<p><a href=\"https:\/\/vinasfm.com\/noticias\/wp-content\/uploads\/2024\/06\/IMG-20240630-WA0021.jpg\"><img loading=\"lazy\" decoding=\"async\" class=\"alignnone size-medium wp-image-136888\" src=\"https:\/\/vinasfm.com\/noticias\/wp-content\/uploads\/2024\/06\/IMG-20240630-WA0021-300x200.jpg\" alt=\"\" width=\"300\" height=\"200\" srcset=\"https:\/\/vinasfm.com\/noticias\/wp-content\/uploads\/2024\/06\/IMG-20240630-WA0021-300x200.jpg 300w, https:\/\/vinasfm.com\/noticias\/wp-content\/uploads\/2024\/06\/IMG-20240630-WA0021-1024x682.jpg 1024w, https:\/\/vinasfm.com\/noticias\/wp-content\/uploads\/2024\/06\/IMG-20240630-WA0021-768x512.jpg 768w, https:\/\/vinasfm.com\/noticias\/wp-content\/uploads\/2024\/06\/IMG-20240630-WA0021.jpg 1280w\" sizes=\"auto, (max-width: 300px) 100vw, 300px\" \/><\/a><\/p>\n<p><em><strong>\u201cEstamos trabajando para utilizar parte de los fondos de Portezuelo del Viento en poner de pie nuevamente, productivamente, a este bendito suelo. Vamos a trabajar en un programa agr\u00edcola que permita que resurja esta zona porque cuando resurge productivamente San Pedro, cuando resurja Carmensa, la colonia rusa, la colonia italiana, vuelven las oportunidades laborales, vuelve la pujanza, el desarrollo, el crecimiento y hace muchos a\u00f1os que esperamos esta posibilidad. Vamos a trabajar incansablemente para que eso suceda\u201d<\/strong><\/em>, subray\u00f3.<\/p>\n","protected":false},"excerpt":{"rendered":"<p>En el marco de los festejos por el d\u00eda del San Pedro, patrono del distrito conocido tambi\u00e9n como Carmensa, el intendente &#8230;<\/p>\n","protected":false},"author":7,"featured_media":136889,"comment_status":"open","ping_status":"open","sticky":false,"template":"","format":"standard","meta":{"footnotes":""},"categories":[5,10],"tags":[],"class_list":["post-136887","post","type-post","status-publish","format-standard","has-post-thumbnail","hentry","category-actualidad","category-destacadas"],"_links":{"self":[{"href":"https:\/\/vinasfm.com\/noticias\/wp-json\/wp\/v2\/posts\/136887","targetHints":{"allow":["GET"]}}],"collection":[{"href":"https:\/\/vinasfm.com\/noticias\/wp-json\/wp\/v2\/posts"}],"about":[{"href":"https:\/\/vinasfm.com\/noticias\/wp-json\/wp\/v2\/types\/post"}],"author":[{"embeddable":true,"href":"https:\/\/vinasfm.com\/noticias\/wp-json\/wp\/v2\/users\/7"}],"replies":[{"embeddable":true,"href":"https:\/\/vinasfm.com\/noticias\/wp-json\/wp\/v2\/comments?post=136887"}],"version-history":[{"count":1,"href":"https:\/\/vinasfm.com\/noticias\/wp-json\/wp\/v2\/posts\/136887\/revisions"}],"predecessor-version":[{"id":136890,"href":"https:\/\/vinasfm.com\/noticias\/wp-json\/wp\/v2\/posts\/136887\/revisions\/136890"}],"wp:featuredmedia":[{"embeddable":true,"href":"https:\/\/vinasfm.com\/noticias\/wp-json\/wp\/v2\/media\/136889"}],"wp:attachment":[{"href":"https:\/\/vinasfm.com\/noticias\/wp-json\/wp\/v2\/media?parent=136887"}],"wp:term":[{"taxonomy":"category","embeddable":true,"href":"https:\/\/vinasfm.com\/noticias\/wp-json\/wp\/v2\/categories?post=136887"},{"taxonomy":"post_tag","embeddable":true,"href":"https:\/\/vinasfm.com\/noticias\/wp-json\/wp\/v2\/tags?post=136887"}],"curies":[{"name":"wp","href":"https:\/\/api.w.org\/{rel}","templated":true}]}}