{"id":136883,"date":"2024-06-29T14:57:08","date_gmt":"2024-06-29T17:57:08","guid":{"rendered":"https:\/\/vinasfm.com\/noticias\/?p=136883"},"modified":"2024-06-29T14:57:08","modified_gmt":"2024-06-29T17:57:08","slug":"se-abrio-la-ruta-a-las-lenas-con-portacion-obligatoria-de-cadenas","status":"publish","type":"post","link":"https:\/\/vinasfm.com\/noticias\/se-abrio-la-ruta-a-las-lenas-con-portacion-obligatoria-de-cadenas\/","title":{"rendered":"SE ABRI\u00d3 LA RUTA A LAS LE\u00d1AS CON PORTACI\u00d3N OBLIGATORIA DE CADENAS"},"content":{"rendered":"<h4>Entre Los Molles y el centro de esqu\u00ed, en la Ruta Provincial 222 hay sectores con hielo y calzada reducida.<\/h4>\n<p>Vialidad Mendoza habilit\u00f3 hoy la Ruta Provincial 222 hasta el Valle de Las Le\u00f1as, luego de lograr abrir una brecha desde Los Molles hasta el centro internacional de esqu\u00ed, tramo que exige transitar con m\u00e1xima precauci\u00f3n y portaci\u00f3n obligatoria de cadenas.<\/p>\n<p>Esto se debe a que la calzada est\u00e1 congelada en algunos sectores, y adem\u00e1s, reducida para el paso normal de veh\u00edculos, a ra\u00edz de la gran cantidad de nieve acumulada por los \u00faltimos temporales.<\/p>\n<p>En tanto, entre la Ruta Nacional 40 y Los Molles, la transitabilidad de la Ruta Provincial 222 es normal y no presenta las dificultades del \u00faltimo tramo hasta Las Le\u00f1as. Igualmente, se exige la portaci\u00f3n obligatoria de cadenas, porque la presencia de hielo en la calzada se mantiene por las bajas temperaturas.<\/p>\n<p>La apertura del tr\u00e1nsito hasta Las Le\u00f1as se logr\u00f3 tras dos semanas de fuertes temporales de nieve que acumularon hasta 3 metros en la base del centro de esqu\u00ed, mientras que en Los Molles se llegaron a acumular hasta 2 metros.<\/p>\n<p>Este fen\u00f3meno demand\u00f3 una prestaci\u00f3n fulltime de Vialidad Mendoza. El jefe de la Subzona Malarg\u00fce de la Direcci\u00f3n Provincial de Vialidad, Facundo Mart\u00ednez, destac\u00f3 que<em><strong> \u201clos maquinistas de la DPV trabajaron de sol a sol para mantener la Ruta Provincial 222 limpia y evitar niveles de acumulaci\u00f3n que hicieran imposible una r\u00e1pida liberaci\u00f3n\u201d.<\/strong><\/em><\/p>\n<p><em><strong>\u201cCada d\u00eda que las m\u00e1quinas pasaban limpiando el camino, otra nevada volv\u00eda a taparlo, lo que obligaba a nuevos despejes, rutina que se hizo sin interrupciones. Adem\u00e1s, colaboramos con Gendarmer\u00eda Nacional y Defensa Civil en el rescate de turistas varados y de los ni\u00f1os de la escuela albergue en Los Molles\u201d<\/strong><\/em>, recalc\u00f3.<\/p>\n<p>Facundo Mart\u00ednez alert\u00f3 que<em><strong> \u201cquienes vayan hoy hasta Las Le\u00f1as deben hacerlo con mucha precauci\u00f3n y con portaci\u00f3n obligatoria de cadenas, porque desde Los Molles hasta el centro de esqu\u00ed tenemos sectores con hielo en la calzada y hay otros tramos donde el espacio del camino est\u00e1 reducido por la gran cantidad de nieve. Hay que ir con mucha paciencia\u201d.<\/strong><\/em><\/p>\n","protected":false},"excerpt":{"rendered":"<p>Entre Los Molles y el centro de esqu\u00ed, en la Ruta Provincial 222 hay sectores con hielo y calzada reducida. Vialidad &#8230;<\/p>\n","protected":false},"author":7,"featured_media":136884,"comment_status":"open","ping_status":"open","sticky":false,"template":"","format":"standard","meta":{"footnotes":""},"categories":[1],"tags":[],"class_list":["post-136883","post","type-post","status-publish","format-standard","has-post-thumbnail","hentry","category-fmvinas"],"_links":{"self":[{"href":"https:\/\/vinasfm.com\/noticias\/wp-json\/wp\/v2\/posts\/136883","targetHints":{"allow":["GET"]}}],"collection":[{"href":"https:\/\/vinasfm.com\/noticias\/wp-json\/wp\/v2\/posts"}],"about":[{"href":"https:\/\/vinasfm.com\/noticias\/wp-json\/wp\/v2\/types\/post"}],"author":[{"embeddable":true,"href":"https:\/\/vinasfm.com\/noticias\/wp-json\/wp\/v2\/users\/7"}],"replies":[{"embeddable":true,"href":"https:\/\/vinasfm.com\/noticias\/wp-json\/wp\/v2\/comments?post=136883"}],"version-history":[{"count":1,"href":"https:\/\/vinasfm.com\/noticias\/wp-json\/wp\/v2\/posts\/136883\/revisions"}],"predecessor-version":[{"id":136885,"href":"https:\/\/vinasfm.com\/noticias\/wp-json\/wp\/v2\/posts\/136883\/revisions\/136885"}],"wp:featuredmedia":[{"embeddable":true,"href":"https:\/\/vinasfm.com\/noticias\/wp-json\/wp\/v2\/media\/136884"}],"wp:attachment":[{"href":"https:\/\/vinasfm.com\/noticias\/wp-json\/wp\/v2\/media?parent=136883"}],"wp:term":[{"taxonomy":"category","embeddable":true,"href":"https:\/\/vinasfm.com\/noticias\/wp-json\/wp\/v2\/categories?post=136883"},{"taxonomy":"post_tag","embeddable":true,"href":"https:\/\/vinasfm.com\/noticias\/wp-json\/wp\/v2\/tags?post=136883"}],"curies":[{"name":"wp","href":"https:\/\/api.w.org\/{rel}","templated":true}]}}