{"id":136880,"date":"2024-06-29T10:48:06","date_gmt":"2024-06-29T13:48:06","guid":{"rendered":"https:\/\/vinasfm.com\/noticias\/?p=136880"},"modified":"2024-06-29T10:48:06","modified_gmt":"2024-06-29T13:48:06","slug":"julio-iniciara-con-un-nuevo-aumento-en-los-combustibles","status":"publish","type":"post","link":"https:\/\/vinasfm.com\/noticias\/julio-iniciara-con-un-nuevo-aumento-en-los-combustibles\/","title":{"rendered":"JULIO INICIAR\u00c1 CON UN NUEVO AUMENTO EN LOS COMBUSTIBLES"},"content":{"rendered":"<h4><span style=\"color: #000000;\">Los surtidores de Mendoza y todo el pa\u00eds marcar\u00e1n un incremento del 7% desde este lunes.<\/span><\/h4>\n<p><span style=\"color: #000000;\">Si bien el Gobierno decidi\u00f3 suspender algunas de las subas previstas, julio llegar\u00e1 con\u00a0<strong>un aumento del precio de los combustibles<\/strong>. De esta forma, los surtidores de Mendoza y todo el pa\u00eds marcar\u00e1n un incremento del 7% desde este lunes.<\/span><\/p>\n<p><span style=\"color: #000000;\">El Ejecutivo autoriz\u00f3 una m\u00ednima suba impositiva que impacta en un 1% en los surtidores. A este monto se a\u00f1ade el impacto del corrimiento cambiario del d\u00f3lar oficial, del 2 %, y otro tanto por la suba de los precios de los biocombustibles para mezcla con los combustibles tradicionales. La suba tope, establecida en el sector en medio de una\u00a0<strong>fuerte crisis de consumo de naftas, ser\u00eda del 7 %.<\/strong><\/span><\/p>\n<p><span style=\"color: #000000;\">La decisi\u00f3n de postergar la aplicaci\u00f3n total del Impuesto a los Combustibles L\u00edquidos (ICL) y al Di\u00f3xido de Carbono ser\u00e1 oficializada por el Gobierno, tal como ocurri\u00f3 en junio pasado con el Decreto 466\/2024. De cara al final del mes y el pr\u00f3ximo incremento, estos d\u00edas se han observado largas filas para adelantarse y tratar de cargar el tanque.<\/span><\/p>\n","protected":false},"excerpt":{"rendered":"<p>Los surtidores de Mendoza y todo el pa\u00eds marcar\u00e1n un incremento del 7% desde este lunes. Si bien el Gobierno decidi\u00f3 &#8230;<\/p>\n","protected":false},"author":7,"featured_media":135930,"comment_status":"open","ping_status":"open","sticky":false,"template":"","format":"standard","meta":{"footnotes":""},"categories":[1],"tags":[],"class_list":["post-136880","post","type-post","status-publish","format-standard","has-post-thumbnail","hentry","category-fmvinas"],"_links":{"self":[{"href":"https:\/\/vinasfm.com\/noticias\/wp-json\/wp\/v2\/posts\/136880","targetHints":{"allow":["GET"]}}],"collection":[{"href":"https:\/\/vinasfm.com\/noticias\/wp-json\/wp\/v2\/posts"}],"about":[{"href":"https:\/\/vinasfm.com\/noticias\/wp-json\/wp\/v2\/types\/post"}],"author":[{"embeddable":true,"href":"https:\/\/vinasfm.com\/noticias\/wp-json\/wp\/v2\/users\/7"}],"replies":[{"embeddable":true,"href":"https:\/\/vinasfm.com\/noticias\/wp-json\/wp\/v2\/comments?post=136880"}],"version-history":[{"count":1,"href":"https:\/\/vinasfm.com\/noticias\/wp-json\/wp\/v2\/posts\/136880\/revisions"}],"predecessor-version":[{"id":136881,"href":"https:\/\/vinasfm.com\/noticias\/wp-json\/wp\/v2\/posts\/136880\/revisions\/136881"}],"wp:featuredmedia":[{"embeddable":true,"href":"https:\/\/vinasfm.com\/noticias\/wp-json\/wp\/v2\/media\/135930"}],"wp:attachment":[{"href":"https:\/\/vinasfm.com\/noticias\/wp-json\/wp\/v2\/media?parent=136880"}],"wp:term":[{"taxonomy":"category","embeddable":true,"href":"https:\/\/vinasfm.com\/noticias\/wp-json\/wp\/v2\/categories?post=136880"},{"taxonomy":"post_tag","embeddable":true,"href":"https:\/\/vinasfm.com\/noticias\/wp-json\/wp\/v2\/tags?post=136880"}],"curies":[{"name":"wp","href":"https:\/\/api.w.org\/{rel}","templated":true}]}}