{"id":136875,"date":"2024-06-29T10:19:28","date_gmt":"2024-06-29T13:19:28","guid":{"rendered":"https:\/\/vinasfm.com\/noticias\/?p=136875"},"modified":"2024-07-01T08:57:47","modified_gmt":"2024-07-01T11:57:47","slug":"un-detenido-sufrio-quemaduras-luego-que-se-incendiara-el-calabazo-en-el-que-estaba-alojado","status":"publish","type":"post","link":"https:\/\/vinasfm.com\/noticias\/un-detenido-sufrio-quemaduras-luego-que-se-incendiara-el-calabazo-en-el-que-estaba-alojado\/","title":{"rendered":"UN DETENIDO SUFRI\u00d3 QUEMADURAS LUEGO QUE SE INCENDIARA EL CALABAZO EN EL QUE ESTABA ALOJADO"},"content":{"rendered":"<h4>El hecho est\u00e1 siendo investigado por la Fiscal\u00eda Interviniente.<\/h4>\n<p>De acuerdo a informaci\u00f3n que dio a conocer el Comisario Iv\u00e1n Berm\u00fadez, en <strong>la noche del viernes ingres\u00f3 un masculino mayor de edad a la dependencia<\/strong>, consecuente a una denuncia por conflictos intrafamiliares. <strong>Promediando las 02:00 horas, personal policial constat\u00f3 que dentro del calabozo en donde se encontraba alojado el ciudadano se estaba produciendo un incendio.\u00a0<\/strong><\/p>\n<p>Producto del siniestro, el detenido fue <strong>trasladado al nosocomio local tras resultar con quemaduras en su rostro y manos.<\/strong> Posteriormente, el aprehendido <strong>fue derivado al hospital de Teodoro J. Schestakow, en San Rafael.\u00a0<\/strong><\/p>\n<p>Actualmente, personal de la Fiscal\u00eda est\u00e1 dedicado a la investigaci\u00f3n para esclarecer el hecho, <strong>intentando determinar c\u00f3mo inici\u00f3 y en qu\u00e9 circunstancias.<\/strong><\/p>\n","protected":false},"excerpt":{"rendered":"<p>El hecho est\u00e1 siendo investigado por la Fiscal\u00eda Interviniente. De acuerdo a informaci\u00f3n que dio a conocer el Comisario Iv\u00e1n Berm\u00fadez, &#8230;<\/p>\n","protected":false},"author":7,"featured_media":101629,"comment_status":"open","ping_status":"open","sticky":false,"template":"","format":"standard","meta":{"footnotes":""},"categories":[5,4],"tags":[],"class_list":["post-136875","post","type-post","status-publish","format-standard","has-post-thumbnail","hentry","category-actualidad","category-policiales"],"_links":{"self":[{"href":"https:\/\/vinasfm.com\/noticias\/wp-json\/wp\/v2\/posts\/136875","targetHints":{"allow":["GET"]}}],"collection":[{"href":"https:\/\/vinasfm.com\/noticias\/wp-json\/wp\/v2\/posts"}],"about":[{"href":"https:\/\/vinasfm.com\/noticias\/wp-json\/wp\/v2\/types\/post"}],"author":[{"embeddable":true,"href":"https:\/\/vinasfm.com\/noticias\/wp-json\/wp\/v2\/users\/7"}],"replies":[{"embeddable":true,"href":"https:\/\/vinasfm.com\/noticias\/wp-json\/wp\/v2\/comments?post=136875"}],"version-history":[{"count":1,"href":"https:\/\/vinasfm.com\/noticias\/wp-json\/wp\/v2\/posts\/136875\/revisions"}],"predecessor-version":[{"id":136876,"href":"https:\/\/vinasfm.com\/noticias\/wp-json\/wp\/v2\/posts\/136875\/revisions\/136876"}],"wp:featuredmedia":[{"embeddable":true,"href":"https:\/\/vinasfm.com\/noticias\/wp-json\/wp\/v2\/media\/101629"}],"wp:attachment":[{"href":"https:\/\/vinasfm.com\/noticias\/wp-json\/wp\/v2\/media?parent=136875"}],"wp:term":[{"taxonomy":"category","embeddable":true,"href":"https:\/\/vinasfm.com\/noticias\/wp-json\/wp\/v2\/categories?post=136875"},{"taxonomy":"post_tag","embeddable":true,"href":"https:\/\/vinasfm.com\/noticias\/wp-json\/wp\/v2\/tags?post=136875"}],"curies":[{"name":"wp","href":"https:\/\/api.w.org\/{rel}","templated":true}]}}