{"id":136830,"date":"2024-06-28T10:04:54","date_gmt":"2024-06-28T13:04:54","guid":{"rendered":"https:\/\/vinasfm.com\/noticias\/?p=136830"},"modified":"2024-06-28T23:51:40","modified_gmt":"2024-06-29T02:51:40","slug":"le-pondran-fin-a-la-lucha-anti-granizo-la-explicacion-de-moralejo","status":"publish","type":"post","link":"https:\/\/vinasfm.com\/noticias\/le-pondran-fin-a-la-lucha-anti-granizo-la-explicacion-de-moralejo\/","title":{"rendered":"LE PONDR\u00c1N FIN A LA LUCHA ANTI GRANIZO, LA EXPLICACI\u00d3N DE MORALEJO"},"content":{"rendered":"<h4><span style=\"color: #000000;\">La decisi\u00f3n del Gobierno Provincial conmocion\u00f3 al sector agr\u00edcola de Mendoza y gener\u00f3 dudas de c\u00f3mo funcionar\u00e1 el nuevo seguro de riesgo agr\u00edcola.<\/span><\/h4>\n<p><span style=\"color: #000000;\">La medida del Ejecutivo apuntar\u00e1 a desaparecer el programa, con aviones y personal, entre pilotos y t\u00e9cnicos, y el equipo t\u00e9cnico que incluye, entre otros aspectos, los radares. El subsecretario de Agricultura y Ganader\u00eda de la Provincia, Sergio Moralejo, asegur\u00f3 que <strong>responde a la necesidad de proteger de manera m\u00e1s efectiva a los peque\u00f1os productores.<\/strong><\/span><\/p>\n<p><span style=\"color: #000000;\"><strong>\u201cCuando un productor peque\u00f1o sufre da\u00f1os por granizo, su capacidad de recuperarse para el pr\u00f3ximo ciclo agr\u00edcola se ve extremadamente limitada\u201d<\/strong>,\u00a0se\u00f1al\u00f3 Moralejo. Como se anunci\u00f3, el Gobierno Provincial opt\u00f3 por redirigir los recursos de la lucha antigranizo hacia un sistema de mitigaci\u00f3n de riesgos. <em><strong>\u201cEsta reasignaci\u00f3n de recursos \u00a0involucra 10.000 millones de pesos, se dirigir\u00e1 a subsidios de tasa cero y seguros, garantizando que los productores tengan acceso a pr\u00e9stamos con intereses bajos para implementar tecnolog\u00edas como la malla antigranizo y sistemas de riego\u201d.<\/strong><\/em><\/span><\/p>\n<p><span style=\"color: #000000;\">Seg\u00fan explic\u00f3 el funcionario, este nuevo sistema de seguros est\u00e1 dise\u00f1ado para que cubrir las actividades del a\u00f1o siguiente. <strong><em>\u201cQueremos asegurarnos de que el productor tenga el dinero suficiente para reinvertir y no abandonar su proyecto productivo\u201d<\/em><\/strong>, sostuvo Moralejo y agreg\u00f3 que <em><strong>\u201ceste enfoque es m\u00e1s efectivo que la lucha antigranizo porque no ha logrado proteger a los peque\u00f1os productores de Mendoza\u201d.<\/strong><\/em><\/span><\/p>\n<p><span style=\"color: #000000;\">En respuesta a las preocupaciones de los productores, el Subsecretario de Agricultura y Ganader\u00eda afirm\u00f3 que el Gobierno est\u00e1 dispuesto a abrir los datos para discutirlos con los productores y sus representantes. Por \u00faltimo, Moralejo reconoci\u00f3 que no todos los productores mendocinos est\u00e1n en condiciones de acceder a cr\u00e9ditos y es por eso que<em><strong> \u201cse est\u00e1 atrabajando en \u00a0para ofrecer soluciones financieras accesibles y efectivas. Con 10.000 millones de pesos, podemos reducir 10 puntos porcentuales de una tasa de inter\u00e9s del 23-24%, facilitando el acceso a tecnolog\u00edas de protecci\u00f3n\u201d.<\/strong><\/em><\/span><\/p>\n<h6>G. Vallejos<\/h6>\n","protected":false},"excerpt":{"rendered":"<p>La decisi\u00f3n del Gobierno Provincial conmocion\u00f3 al sector agr\u00edcola de Mendoza y gener\u00f3 dudas de c\u00f3mo funcionar\u00e1 el nuevo seguro de &#8230;<\/p>\n","protected":false},"author":7,"featured_media":78943,"comment_status":"open","ping_status":"open","sticky":false,"template":"","format":"standard","meta":{"footnotes":""},"categories":[5,197],"tags":[],"class_list":["post-136830","post","type-post","status-publish","format-standard","has-post-thumbnail","hentry","category-actualidad","category-lucha-antigranizo"],"_links":{"self":[{"href":"https:\/\/vinasfm.com\/noticias\/wp-json\/wp\/v2\/posts\/136830","targetHints":{"allow":["GET"]}}],"collection":[{"href":"https:\/\/vinasfm.com\/noticias\/wp-json\/wp\/v2\/posts"}],"about":[{"href":"https:\/\/vinasfm.com\/noticias\/wp-json\/wp\/v2\/types\/post"}],"author":[{"embeddable":true,"href":"https:\/\/vinasfm.com\/noticias\/wp-json\/wp\/v2\/users\/7"}],"replies":[{"embeddable":true,"href":"https:\/\/vinasfm.com\/noticias\/wp-json\/wp\/v2\/comments?post=136830"}],"version-history":[{"count":3,"href":"https:\/\/vinasfm.com\/noticias\/wp-json\/wp\/v2\/posts\/136830\/revisions"}],"predecessor-version":[{"id":136835,"href":"https:\/\/vinasfm.com\/noticias\/wp-json\/wp\/v2\/posts\/136830\/revisions\/136835"}],"wp:featuredmedia":[{"embeddable":true,"href":"https:\/\/vinasfm.com\/noticias\/wp-json\/wp\/v2\/media\/78943"}],"wp:attachment":[{"href":"https:\/\/vinasfm.com\/noticias\/wp-json\/wp\/v2\/media?parent=136830"}],"wp:term":[{"taxonomy":"category","embeddable":true,"href":"https:\/\/vinasfm.com\/noticias\/wp-json\/wp\/v2\/categories?post=136830"},{"taxonomy":"post_tag","embeddable":true,"href":"https:\/\/vinasfm.com\/noticias\/wp-json\/wp\/v2\/tags?post=136830"}],"curies":[{"name":"wp","href":"https:\/\/api.w.org\/{rel}","templated":true}]}}