{"id":136818,"date":"2024-06-28T08:50:54","date_gmt":"2024-06-28T11:50:54","guid":{"rendered":"https:\/\/vinasfm.com\/noticias\/?p=136818"},"modified":"2024-06-28T12:10:16","modified_gmt":"2024-06-28T15:10:16","slug":"lucha-antigranizo-javier-lopez-dudo-de-que-al-gobierno-provincial-le-importe-el-agro","status":"publish","type":"post","link":"https:\/\/vinasfm.com\/noticias\/lucha-antigranizo-javier-lopez-dudo-de-que-al-gobierno-provincial-le-importe-el-agro\/","title":{"rendered":"LUCHA ANTIGRANIZO: JAVIER L\u00d3PEZ DUD\u00d3 DE QUE AL GOBIERNO PROVINCIAL LE IMPORTE EL AGRO"},"content":{"rendered":"<h4><span style=\"color: #000000;\"><strong>El d\u00eda mi\u00e9rcoles se conoci\u00f3 la decisi\u00f3n del Gobierno Provincial de ponerle fin a la Lucha Antigranizo, dejando un sentimiento de abandono en los productores mendocinos.<\/strong><\/span><\/h4>\n<p><span style=\"color: #000000;\">Si bien el Sr. Gobernador Alfredo Cornejo propuso un nuevo seguro de riesgo agr\u00edcola y cr\u00e9ditos a tasa cero, como un nuevo paradigma para mitigar los efectos de las tormentas, el productor alvearense y referente agr\u00edcola Javier L\u00f3pez; se\u00f1al\u00f3 que <strong><em>\u201ceste sector pol\u00edtico que maneja el \u00e1mbito agr\u00edcola de Mendoza nos est\u00e1 dejando abandonados\u201d<\/em><\/strong> y record\u00f3 QUE \u201c<strong><em>fue el mismo sector el que celebr\u00f3 la derogaci\u00f3n de la Ley 7722 ene l a\u00f1o 2019\u201d.<\/em><\/strong><\/span><\/p>\n<p><span style=\"color: #000000;\">Si bien a\u00fan queda que desde el gobierno de Cornejo brinden explicaciones sobre c\u00f3mo se pondr\u00e1 en marcha el nuevo seguro de riesgo agr\u00edcola, los n\u00famero brindados se\u00f1alan de que no todos los productores podr\u00e1n adherirse a un seguro como este. \u201c<strong><em>El seguro agr\u00edcola es un paliativo\u201d<\/em><\/strong>, apunt\u00f3 L\u00f3pez.<\/span><\/p>\n<p><span style=\"color: #000000;\">La lucha antigranizo est\u00e1 compuesta por tres tapas. Por un lado se encuentra la lucha activa a trav\u00e9s de los aviones, la cual ha demostrado tener al menos una eficiencia del 50%. Por otro lado se encuentra la maya antigranizo, la cual brinda un 90% de protecci\u00f3n en los cultivos agr\u00edcolas, y por \u00faltimo el seguro que, si bien no brinda una ayuda econ\u00f3mica, no es suficiente para cubrir los costos que producen las inclemencias clim\u00e1ticas.<\/span><\/p>\n<blockquote>\n<h4>\u201cEstamos abandonados, no tenemos un gobierno a la altura de su pueblo y lo vamos a seguir diciendo hasta encontrar un cambio\u201d<\/h4>\n<\/blockquote>\n<p><span style=\"color: #000000;\"><strong><em>\u201cCreemos que se est\u00e1 atentado en contra de los productores mendocinos porque toman decisiones sin consultarnos ni tener en cuenta c\u00f3mo nos perjudican\u201d<\/em><\/strong>, sostuvo L\u00f3pez. En ese contexto asegur\u00f3 que <strong><em>\u201ccontamos con un gobierno que nunca nos apoy\u00f3. Es imposible poder planificar a futuro sin pol\u00edticas de Estado serias, desde hace a\u00f1o venimos subsistiendo con parches sobre parches que no brindan ninguna soluci\u00f3n segura\u201d.<\/em><\/strong><\/span><\/p>\n<h6>G. Vallejos<\/h6>\n","protected":false},"excerpt":{"rendered":"<p>El d\u00eda mi\u00e9rcoles se conoci\u00f3 la decisi\u00f3n del Gobierno Provincial de ponerle fin a la Lucha Antigranizo, dejando un sentimiento de &#8230;<\/p>\n","protected":false},"author":7,"featured_media":136820,"comment_status":"open","ping_status":"open","sticky":false,"template":"","format":"standard","meta":{"footnotes":""},"categories":[1],"tags":[],"class_list":["post-136818","post","type-post","status-publish","format-standard","has-post-thumbnail","hentry","category-fmvinas"],"_links":{"self":[{"href":"https:\/\/vinasfm.com\/noticias\/wp-json\/wp\/v2\/posts\/136818","targetHints":{"allow":["GET"]}}],"collection":[{"href":"https:\/\/vinasfm.com\/noticias\/wp-json\/wp\/v2\/posts"}],"about":[{"href":"https:\/\/vinasfm.com\/noticias\/wp-json\/wp\/v2\/types\/post"}],"author":[{"embeddable":true,"href":"https:\/\/vinasfm.com\/noticias\/wp-json\/wp\/v2\/users\/7"}],"replies":[{"embeddable":true,"href":"https:\/\/vinasfm.com\/noticias\/wp-json\/wp\/v2\/comments?post=136818"}],"version-history":[{"count":3,"href":"https:\/\/vinasfm.com\/noticias\/wp-json\/wp\/v2\/posts\/136818\/revisions"}],"predecessor-version":[{"id":136852,"href":"https:\/\/vinasfm.com\/noticias\/wp-json\/wp\/v2\/posts\/136818\/revisions\/136852"}],"wp:featuredmedia":[{"embeddable":true,"href":"https:\/\/vinasfm.com\/noticias\/wp-json\/wp\/v2\/media\/136820"}],"wp:attachment":[{"href":"https:\/\/vinasfm.com\/noticias\/wp-json\/wp\/v2\/media?parent=136818"}],"wp:term":[{"taxonomy":"category","embeddable":true,"href":"https:\/\/vinasfm.com\/noticias\/wp-json\/wp\/v2\/categories?post=136818"},{"taxonomy":"post_tag","embeddable":true,"href":"https:\/\/vinasfm.com\/noticias\/wp-json\/wp\/v2\/tags?post=136818"}],"curies":[{"name":"wp","href":"https:\/\/api.w.org\/{rel}","templated":true}]}}