{"id":136813,"date":"2024-06-28T08:17:51","date_gmt":"2024-06-28T11:17:51","guid":{"rendered":"https:\/\/vinasfm.com\/noticias\/?p=136813"},"modified":"2024-06-28T11:41:45","modified_gmt":"2024-06-28T14:41:45","slug":"la-dge-desarrolla-jornadas-sobre-prevencion-del-suicidio-infanto-juvenil","status":"publish","type":"post","link":"https:\/\/vinasfm.com\/noticias\/la-dge-desarrolla-jornadas-sobre-prevencion-del-suicidio-infanto-juvenil\/","title":{"rendered":"LA DGE DESARROLLA JORNADAS SOBRE PREVENCI\u00d3N DEL SUICIDIO INFANTO-JUVENIL"},"content":{"rendered":"<h4><span style=\"color: #000000;\">Con el fin de acompa\u00f1ar a los estudiantes de todos los niveles y modalidades y dialogar sobre esta problem\u00e1tica, el gobierno escolar capacita a docentes, preceptores y directores con el fin de generar espacios de reflexi\u00f3n.<\/span><\/h4>\n<p><span style=\"color: #000000;\">La Direcci\u00f3n General de Escuelas (DGE) inform\u00f3 y dio detalles sobre las jornadas denominadas <em><strong>\u201cEstrategias en la prevenci\u00f3n del suicidio infanto- juvenil\u201d<\/strong><\/em>, que se vienen desarrollando en varios departamentos de la provincia.<\/span><\/p>\n<p><span style=\"color: #000000;\">En esta ocasi\u00f3n, la actividad se desarroll\u00f3 este jueves en el Centro de Congresos y Exposiciones del departamento de San Rafael, destinadas a docentes, directores, preceptores y profesionales de los equipos t\u00e9cnicos.<\/span><\/p>\n<p><span style=\"color: #000000;\">La directora de Acompa\u00f1amiento Escolar (DAE), Carina Gannam, explic\u00f3 que desde el gobierno escolar se trabaja sobre un claro lineamiento que tiene que ver con la prevenci\u00f3n de las distintas problem\u00e1ticas que impactan en nuestros ni\u00f1os, ni\u00f1as adolescentes y j\u00f3venes.<\/span><\/p>\n<p><span style=\"color: #000000;\"><em><strong>\u201cLo que planteamos en esta ocasi\u00f3n es la prevenci\u00f3n en el suicidio infantil y juvenil. Son estrategias que los equipos t\u00e9cnicos de las escuelas deben contar con diferentes herramientas para realizar las intervenciones y abordajes\u201d<\/strong><\/em>, dijo Gannam.<\/span><\/p>\n<p><span style=\"color: #000000;\"><em><strong>\u201cEntendemos tambi\u00e9n que es un trabajo que implica la corresponsabilidad de las familias, de las instituciones educativas y el gobierno. Hoy, en esta acci\u00f3n hemos planificado la proyecci\u00f3n de una pel\u00edcula que tiene mucho contenido de situaciones que suceden en las escuelas y diferentes situaciones que atraviesan los ni\u00f1os, ni\u00f1as y adolescentes que hacen que se tomen decisiones de auto agresi\u00f3n\u201d<\/strong><\/em>, observ\u00f3 Gannam.<\/span><\/p>\n<p><a href=\"https:\/\/vinasfm.com\/noticias\/wp-content\/uploads\/2024\/06\/IMG_6635-700x467-1.jpg\"><img loading=\"lazy\" decoding=\"async\" class=\"alignnone wp-image-136815\" src=\"https:\/\/vinasfm.com\/noticias\/wp-content\/uploads\/2024\/06\/IMG_6635-700x467-1.jpg\" alt=\"\" width=\"400\" height=\"267\" srcset=\"https:\/\/vinasfm.com\/noticias\/wp-content\/uploads\/2024\/06\/IMG_6635-700x467-1.jpg 700w, https:\/\/vinasfm.com\/noticias\/wp-content\/uploads\/2024\/06\/IMG_6635-700x467-1-300x200.jpg 300w\" sizes=\"auto, (max-width: 400px) 100vw, 400px\" \/><\/a> <a href=\"https:\/\/vinasfm.com\/noticias\/wp-content\/uploads\/2024\/06\/IMG_6633-700x467-1.jpg\"><img loading=\"lazy\" decoding=\"async\" class=\"alignnone wp-image-136816\" src=\"https:\/\/vinasfm.com\/noticias\/wp-content\/uploads\/2024\/06\/IMG_6633-700x467-1.jpg\" alt=\"\" width=\"400\" height=\"267\" srcset=\"https:\/\/vinasfm.com\/noticias\/wp-content\/uploads\/2024\/06\/IMG_6633-700x467-1.jpg 700w, https:\/\/vinasfm.com\/noticias\/wp-content\/uploads\/2024\/06\/IMG_6633-700x467-1-300x200.jpg 300w\" sizes=\"auto, (max-width: 400px) 100vw, 400px\" \/><\/a><\/p>\n<h6>Jornadas sobre Prevenci\u00f3n del Suicidio infanto-juvenil.<\/h6>\n<p><span style=\"color: #000000;\">La funcionaria dijo que a partir de la pandemia se hicieron m\u00e1s visibles las situaciones y se registraron m\u00e1s padecimientos. <strong><em>\u201cSe necesita mucho el apoyo de adultos referentes. Mendoza y en general en todo el pa\u00eds,\u00a0registra algunas problem\u00e1ticas en ni\u00f1os m\u00e1s peque\u00f1os. Debemos lograr que los docentes y los profesionales detecten estas conductas. Estamos trabajando en ese sentido sobre los indicadores a los cuales debemos estar atentos\u201d.<\/em><\/strong><\/span><\/p>\n<p><span style=\"color: #000000;\"><em><strong>\u201cHay que estar atentos a las situaciones intrafamiliares. Hay mucha responsabilidad de las personas adultas, ellos nos est\u00e1n observando\u201d<\/strong><\/em>, agreg\u00f3 Carina Gannam, y destac\u00f3 la importancia de habilitar espacios para que nuestros estudiantes puedan hablar.<\/span><\/p>\n<p><span style=\"color: #000000;\">Estas jornadas se vienen desarrollando en varios departamentos de Mendoza. La pr\u00f3xima se desarrollar\u00e1 el lunes 1 de julio en la Escuela 1-123 Patricias Mendocinas de la ciudad de Mendoza y est\u00e1 destinada a la modalidad de J\u00f3venes y Adultos.<\/span><\/p>\n","protected":false},"excerpt":{"rendered":"<p>Con el fin de acompa\u00f1ar a los estudiantes de todos los niveles y modalidades y dialogar sobre esta problem\u00e1tica, el gobierno &#8230;<\/p>\n","protected":false},"author":7,"featured_media":136814,"comment_status":"open","ping_status":"open","sticky":false,"template":"","format":"standard","meta":{"footnotes":""},"categories":[5,74],"tags":[],"class_list":["post-136813","post","type-post","status-publish","format-standard","has-post-thumbnail","hentry","category-actualidad","category-dge"],"_links":{"self":[{"href":"https:\/\/vinasfm.com\/noticias\/wp-json\/wp\/v2\/posts\/136813","targetHints":{"allow":["GET"]}}],"collection":[{"href":"https:\/\/vinasfm.com\/noticias\/wp-json\/wp\/v2\/posts"}],"about":[{"href":"https:\/\/vinasfm.com\/noticias\/wp-json\/wp\/v2\/types\/post"}],"author":[{"embeddable":true,"href":"https:\/\/vinasfm.com\/noticias\/wp-json\/wp\/v2\/users\/7"}],"replies":[{"embeddable":true,"href":"https:\/\/vinasfm.com\/noticias\/wp-json\/wp\/v2\/comments?post=136813"}],"version-history":[{"count":1,"href":"https:\/\/vinasfm.com\/noticias\/wp-json\/wp\/v2\/posts\/136813\/revisions"}],"predecessor-version":[{"id":136817,"href":"https:\/\/vinasfm.com\/noticias\/wp-json\/wp\/v2\/posts\/136813\/revisions\/136817"}],"wp:featuredmedia":[{"embeddable":true,"href":"https:\/\/vinasfm.com\/noticias\/wp-json\/wp\/v2\/media\/136814"}],"wp:attachment":[{"href":"https:\/\/vinasfm.com\/noticias\/wp-json\/wp\/v2\/media?parent=136813"}],"wp:term":[{"taxonomy":"category","embeddable":true,"href":"https:\/\/vinasfm.com\/noticias\/wp-json\/wp\/v2\/categories?post=136813"},{"taxonomy":"post_tag","embeddable":true,"href":"https:\/\/vinasfm.com\/noticias\/wp-json\/wp\/v2\/tags?post=136813"}],"curies":[{"name":"wp","href":"https:\/\/api.w.org\/{rel}","templated":true}]}}