{"id":136803,"date":"2024-06-27T19:30:19","date_gmt":"2024-06-27T22:30:19","guid":{"rendered":"https:\/\/vinasfm.com\/noticias\/?p=136803"},"modified":"2024-06-28T11:33:07","modified_gmt":"2024-06-28T14:33:07","slug":"el-municipio-junto-al-ipv-trabajan-en-lineas-de-mejoramientos-barriales","status":"publish","type":"post","link":"https:\/\/vinasfm.com\/noticias\/el-municipio-junto-al-ipv-trabajan-en-lineas-de-mejoramientos-barriales\/","title":{"rendered":"EL MUNICIPIO JUNTO AL IPV TRABAJAN EN L\u00cdNEAS DE MEJORAMIENTOS BARRIALES"},"content":{"rendered":"<h4>En la ma\u00f1ana del jueves se realiz\u00f3 la entrega de 13 nuevas viviendas en General Alvear. Mendoza Construye con el objetivo de brindar soluciones habitacionales a los alvearenses.<\/h4>\n<p>Alejandro Molero, Intendente Municipal afirm\u00f3<em><strong> \u201cestos son los momentos lindos de la gesti\u00f3n, cuando uno puede acercarle a los vecinos soluciones habitacionales, mejorar la calidad de vida de su familia\u00bb.<\/strong><\/em> Destac\u00f3 que <em><strong>\u00aben obras c\u00f3mo est\u00e1s siempre se realiza un trabajo de campo con trabajadoras sociales y todo un gabinete interdisciplinario que previamente hace relevamientos para acercarle soluciones a las familias, donde tambi\u00e9n hay personas con alg\u00fan tipo de discapacidad y es necesario darle la accesibilidad que necesitan, construirle su ba\u00f1o, su habitaci\u00f3n. Cada una de las familias tiene problem\u00e1ticas distintas\u201d.<\/strong><\/em><\/p>\n<p>Sobre las problem\u00e1ticas encontradas en los distintos relevamientos, el Jefe Comunal se\u00f1al\u00f3 que<em><strong> \u00abmuchos de los problemas que se encontraron son de hacinamiento, problemas en los techos y en las estructuras en general\u00bb.<\/strong> <\/em>De los 13 proyectos que entregados, 5 son de San Pedro del Atuel, <em><strong>\u00abes muy importante para nosotros porque tiene un r\u00e9dito social, hay que hacer hincapi\u00e9 en comunidades m\u00e1s alejadas, que tienen mayores dificultades y ah\u00ed es donde tienen que ir los principales esfuerzos\u201d.<\/strong><\/em><\/p>\n<p>Mauricio Campos, Director de H\u00e1bitat manifest\u00f3 <em><strong>\u201ceste trabajo viene a ra\u00edz del trabajo que se hace en conjunto con el IPV, se trata de un programa de mejoramientos que permite a las familias mejorar su situaci\u00f3n edilicia, seg\u00fan lo que necesiten ya sea para ba\u00f1os, dormitorios, sal\u00f3n\u201d.<\/strong><\/em><\/p>\n<p><a href=\"https:\/\/vinasfm.com\/noticias\/wp-content\/uploads\/2024\/06\/IMG-20240627-WA0048.jpg\"><img loading=\"lazy\" decoding=\"async\" class=\"alignnone wp-image-136804\" src=\"https:\/\/vinasfm.com\/noticias\/wp-content\/uploads\/2024\/06\/IMG-20240627-WA0048-1024x577.jpg\" alt=\"\" width=\"400\" height=\"225\" srcset=\"https:\/\/vinasfm.com\/noticias\/wp-content\/uploads\/2024\/06\/IMG-20240627-WA0048-1024x577.jpg 1024w, https:\/\/vinasfm.com\/noticias\/wp-content\/uploads\/2024\/06\/IMG-20240627-WA0048-300x169.jpg 300w, https:\/\/vinasfm.com\/noticias\/wp-content\/uploads\/2024\/06\/IMG-20240627-WA0048-768x432.jpg 768w, https:\/\/vinasfm.com\/noticias\/wp-content\/uploads\/2024\/06\/IMG-20240627-WA0048-1536x865.jpg 1536w, https:\/\/vinasfm.com\/noticias\/wp-content\/uploads\/2024\/06\/IMG-20240627-WA0048-750x420.jpg 750w, https:\/\/vinasfm.com\/noticias\/wp-content\/uploads\/2024\/06\/IMG-20240627-WA0048-1140x641.jpg 1140w, https:\/\/vinasfm.com\/noticias\/wp-content\/uploads\/2024\/06\/IMG-20240627-WA0048.jpg 1600w\" sizes=\"auto, (max-width: 400px) 100vw, 400px\" \/><\/a> <a href=\"https:\/\/vinasfm.com\/noticias\/wp-content\/uploads\/2024\/06\/IMG-20240627-WA0049.jpg\"><img loading=\"lazy\" decoding=\"async\" class=\"alignnone wp-image-136805\" src=\"https:\/\/vinasfm.com\/noticias\/wp-content\/uploads\/2024\/06\/IMG-20240627-WA0049.jpg\" alt=\"\" width=\"400\" height=\"225\" srcset=\"https:\/\/vinasfm.com\/noticias\/wp-content\/uploads\/2024\/06\/IMG-20240627-WA0049.jpg 1600w, https:\/\/vinasfm.com\/noticias\/wp-content\/uploads\/2024\/06\/IMG-20240627-WA0049-300x169.jpg 300w, https:\/\/vinasfm.com\/noticias\/wp-content\/uploads\/2024\/06\/IMG-20240627-WA0049-1024x577.jpg 1024w, https:\/\/vinasfm.com\/noticias\/wp-content\/uploads\/2024\/06\/IMG-20240627-WA0049-768x432.jpg 768w, https:\/\/vinasfm.com\/noticias\/wp-content\/uploads\/2024\/06\/IMG-20240627-WA0049-1536x865.jpg 1536w, https:\/\/vinasfm.com\/noticias\/wp-content\/uploads\/2024\/06\/IMG-20240627-WA0049-750x420.jpg 750w, https:\/\/vinasfm.com\/noticias\/wp-content\/uploads\/2024\/06\/IMG-20240627-WA0049-1140x641.jpg 1140w\" sizes=\"auto, (max-width: 400px) 100vw, 400px\" \/><\/a><\/p>\n<p>Por su parte Gustavo Cantero, responsable del IPV expres\u00f3<em><strong> \u201cestamos muy contentos de estar en General Alvear y en Carmensa. Esto es parte de la pol\u00edtica de este gobierno, federalizar todo lo que es la obra p\u00fablica y las entregas tambi\u00e9n, por eso venimos al lugar donde se hacen las obras a acompa\u00f1ar al intendente\u201d.<\/strong><\/em><\/p>\n<p>En ese contexto se\u00f1al\u00f3 que <em><strong>\u00aben el IPV los vecinos tienen varias l\u00edneas de cr\u00e9ditos, una es esta la de realizar mejoras, donde los solicitantes deben ser due\u00f1os de los terrenos y tener la vivienda construida y lo que hace el IPV es mejorar esa vivienda, ampliando, construyendo un ba\u00f1o, una habitaci\u00f3n, etc. Otra l\u00ednea es la Mendoza Construye, donde la gente va al municipio, se anota en el Registro de Necesidades Habitacionales (Renhabit) y en funci\u00f3n del presupuesto de vivienda que tenga la provincia, va ejecutando barrios una vez coordinado con el municipio\u201d.<\/strong><\/em><\/p>\n","protected":false},"excerpt":{"rendered":"<p>En la ma\u00f1ana del jueves se realiz\u00f3 la entrega de 13 nuevas viviendas en General Alvear. Mendoza Construye con el objetivo &#8230;<\/p>\n","protected":false},"author":7,"featured_media":136806,"comment_status":"open","ping_status":"open","sticky":false,"template":"","format":"standard","meta":{"footnotes":""},"categories":[5,67],"tags":[],"class_list":["post-136803","post","type-post","status-publish","format-standard","has-post-thumbnail","hentry","category-actualidad","category-ipv"],"_links":{"self":[{"href":"https:\/\/vinasfm.com\/noticias\/wp-json\/wp\/v2\/posts\/136803","targetHints":{"allow":["GET"]}}],"collection":[{"href":"https:\/\/vinasfm.com\/noticias\/wp-json\/wp\/v2\/posts"}],"about":[{"href":"https:\/\/vinasfm.com\/noticias\/wp-json\/wp\/v2\/types\/post"}],"author":[{"embeddable":true,"href":"https:\/\/vinasfm.com\/noticias\/wp-json\/wp\/v2\/users\/7"}],"replies":[{"embeddable":true,"href":"https:\/\/vinasfm.com\/noticias\/wp-json\/wp\/v2\/comments?post=136803"}],"version-history":[{"count":3,"href":"https:\/\/vinasfm.com\/noticias\/wp-json\/wp\/v2\/posts\/136803\/revisions"}],"predecessor-version":[{"id":136811,"href":"https:\/\/vinasfm.com\/noticias\/wp-json\/wp\/v2\/posts\/136803\/revisions\/136811"}],"wp:featuredmedia":[{"embeddable":true,"href":"https:\/\/vinasfm.com\/noticias\/wp-json\/wp\/v2\/media\/136806"}],"wp:attachment":[{"href":"https:\/\/vinasfm.com\/noticias\/wp-json\/wp\/v2\/media?parent=136803"}],"wp:term":[{"taxonomy":"category","embeddable":true,"href":"https:\/\/vinasfm.com\/noticias\/wp-json\/wp\/v2\/categories?post=136803"},{"taxonomy":"post_tag","embeddable":true,"href":"https:\/\/vinasfm.com\/noticias\/wp-json\/wp\/v2\/tags?post=136803"}],"curies":[{"name":"wp","href":"https:\/\/api.w.org\/{rel}","templated":true}]}}