{"id":136798,"date":"2024-06-27T12:44:53","date_gmt":"2024-06-27T15:44:53","guid":{"rendered":"https:\/\/vinasfm.com\/noticias\/?p=136798"},"modified":"2024-06-28T10:29:27","modified_gmt":"2024-06-28T13:29:27","slug":"molero-confirmo-que-comenzara-la-construccion-del-barrio-vinas-del-oeste","status":"publish","type":"post","link":"https:\/\/vinasfm.com\/noticias\/molero-confirmo-que-comenzara-la-construccion-del-barrio-vinas-del-oeste\/","title":{"rendered":"MOLERO CONFIRM\u00d3 QUE COMENZAR\u00c1 LA CONSTRUCCI\u00d3N DEL BARRIO VI\u00d1AS DEL OESTE Y OTRAS OBRAS IMPORTANTES PARA ALVEAR"},"content":{"rendered":"<h4>En la jornada de este jueves, el IPV realiz\u00f3 la entrega de 13 nuevas viviendas en General Alvear. En ese sentido, el Jefe Comunal anunci\u00f3 que comenzar\u00e1n con la construcci\u00f3n del barrio \u00abVi\u00f1as del Oeste\u00bb.<\/h4>\n<p>Situado en calle Centenario, la obra de este barrio se fren\u00f3 a inicios del 2024, <em><strong>\u201cesto debido a que, con la cambio del Gobierno Nacional, se frenaron todas las obras que ten\u00edan menos del 30% de ejecuci\u00f3n. Nuestra gesti\u00f3n lament\u00f3 esta situaci\u00f3n porque se fren\u00f3 la obra de un barrio de 15 viviendas que estaban listas para comenzar a construirse\u201d.<\/strong> <\/em>Fue as\u00ed que el Sr. Intendente confirm\u00f3 con entusiasmo que <em><strong>\u201cen los pr\u00f3ximos 15 d\u00edas comenzar\u00e1 la construcci\u00f3n efectiva del barrio, la empresa a cargo estar\u00e1 llegando este viernes para comenzar a rearmar el obrador y dar inicio a las tareas de construcci\u00f3n\u201d.<\/strong><\/em><\/p>\n<p>Molero destac\u00f3 que <em><strong>\u201cretomar esta obra, que fue la \u00fanica en Mendoza que se hab\u00eda ca\u00eddo, se debe a intensas gestiones que se realizaron en el Gobierno de la Provincia y acompa\u00f1amiento del Sr. Gobernador Alfredo Cornejo\u201d.\u00a0<\/strong><\/em><\/p>\n<p>Las buenas noticias para General Alvear continuaron durante la ma\u00f1ana del jueves ya que Molero destac\u00f3 que <em><strong>\u201cen los \u00faltimos d\u00edas comenzaron las tareas para darle vida al campus universitario de UGACOOP, una obra que corr\u00eda el mismo riesgo que el barrio Vi\u00f1as del Oeste\u201d.<\/strong><\/em> Esta obra ronda los <em>$3.000.000.000 y se distribuir\u00e1 en tres etapas<\/em>, la primera comenzar\u00e1 a ejecutarse en el mes de julio, en el mismo mes, seg\u00fan adelant\u00f3 el mandatario; se realizar\u00e1 una conferencia de prensa en donde se brindar\u00e1n detalles t\u00e9cnicos de esta obra.<\/p>\n<p>Por \u00faltimo, &#8216;Jany&#8217; Molero se\u00f1al\u00f3 que <em><strong>\u00abdurante la noche del mi\u00e9rcoles se realiz\u00f3 una reuni\u00f3n en Bowen, junto a directivos de COSPAC y la Cooperadora de la Escuela Jos\u00e9 Hern\u00e1ndez para llegar a un acuerdo sobre la obra del nuevo Polideportivo\u00bb.<\/strong> <\/em>Es importante mencionar que la Escuela N\u00b0 4-009 es propietaria de un terreno en d\u00f3nde podr\u00eda situarse la construcci\u00f3n y, si bien el proyecto ejecutivo de la obra ya ha sido aprobado, a\u00fan resta definir el terreno que se utilizar\u00e1. <strong>Ser\u00e1 una importante obra que constar\u00e1 de 2.000 m2 cubiertos, permitiendo el desarrollo de distintas actividades sociales y deportivas.<\/strong><\/p>\n<h6>G. Vallejos<\/h6>\n","protected":false},"excerpt":{"rendered":"<p>En la jornada de este jueves, el IPV realiz\u00f3 la entrega de 13 nuevas viviendas en General Alvear. En ese sentido, &#8230;<\/p>\n","protected":false},"author":7,"featured_media":136799,"comment_status":"open","ping_status":"open","sticky":false,"template":"","format":"standard","meta":{"footnotes":""},"categories":[5,10],"tags":[],"class_list":["post-136798","post","type-post","status-publish","format-standard","has-post-thumbnail","hentry","category-actualidad","category-destacadas"],"_links":{"self":[{"href":"https:\/\/vinasfm.com\/noticias\/wp-json\/wp\/v2\/posts\/136798","targetHints":{"allow":["GET"]}}],"collection":[{"href":"https:\/\/vinasfm.com\/noticias\/wp-json\/wp\/v2\/posts"}],"about":[{"href":"https:\/\/vinasfm.com\/noticias\/wp-json\/wp\/v2\/types\/post"}],"author":[{"embeddable":true,"href":"https:\/\/vinasfm.com\/noticias\/wp-json\/wp\/v2\/users\/7"}],"replies":[{"embeddable":true,"href":"https:\/\/vinasfm.com\/noticias\/wp-json\/wp\/v2\/comments?post=136798"}],"version-history":[{"count":5,"href":"https:\/\/vinasfm.com\/noticias\/wp-json\/wp\/v2\/posts\/136798\/revisions"}],"predecessor-version":[{"id":136836,"href":"https:\/\/vinasfm.com\/noticias\/wp-json\/wp\/v2\/posts\/136798\/revisions\/136836"}],"wp:featuredmedia":[{"embeddable":true,"href":"https:\/\/vinasfm.com\/noticias\/wp-json\/wp\/v2\/media\/136799"}],"wp:attachment":[{"href":"https:\/\/vinasfm.com\/noticias\/wp-json\/wp\/v2\/media?parent=136798"}],"wp:term":[{"taxonomy":"category","embeddable":true,"href":"https:\/\/vinasfm.com\/noticias\/wp-json\/wp\/v2\/categories?post=136798"},{"taxonomy":"post_tag","embeddable":true,"href":"https:\/\/vinasfm.com\/noticias\/wp-json\/wp\/v2\/tags?post=136798"}],"curies":[{"name":"wp","href":"https:\/\/api.w.org\/{rel}","templated":true}]}}