{"id":136772,"date":"2024-06-27T09:54:49","date_gmt":"2024-06-27T12:54:49","guid":{"rendered":"https:\/\/vinasfm.com\/noticias\/?p=136772"},"modified":"2024-06-27T09:54:49","modified_gmt":"2024-06-27T12:54:49","slug":"conoce-el-estado-de-las-rutas-en-mendoza","status":"publish","type":"post","link":"https:\/\/vinasfm.com\/noticias\/conoce-el-estado-de-las-rutas-en-mendoza\/","title":{"rendered":"CONOC\u00c9 EL ESTADO DE LAS RUTAS EN MENDOZA"},"content":{"rendered":"<h4><span style=\"color: #000000;\">La Ruta Provincial 222 se encuentra habilitada con precauci\u00f3n hasta Los Molles. Se solicita transitar con precauci\u00f3n en rutas de monta\u00f1a por neblinas matinales y posible formaci\u00f3n de hielo en la calzada.<\/span><\/h4>\n<p>Para conocer el estado de las rutas nacionales en Mendoza visite el siguiente enlace:\u00a0<a href=\"https:\/\/www.argentina.gob.ar\/obras-publicas\/vialidad-nacional\/estado-de-las-rutas\">https:\/\/www.argentina.gob.ar\/obras-publicas\/vialidad-nacional\/estado-de-las-rutas<\/a><\/p>\n<p><span style=\"color: #000000;\">Se recuerda a todos los usuarios que durante toda la temporada invernal deben circular por rutas de Alta Monta\u00f1a con la portaci\u00f3n de cadenas obligatorias en sus veh\u00edculos, para ser utilizadas en caso de ser necesario. As\u00ed mismo, se recomienda que los d\u00edas de viento y lluvia, reducir la velocidad y transitar con extrema precauci\u00f3n en zonas de derrumbes, en caso de crecidas evitar el cruce de sectores que pudieran quedar anegados con flujo aluvionales.\u00a0<\/span><\/p>\n<h2>ESTADO RUTAS PROVINCIALES <img decoding=\"async\" src=\"https:\/\/www.mendoza.gov.ar\/wp-content\/uploads\/sites\/5\/2024\/06\/270624-Reporte-de-Rutas-Provinciales-_page-0001-700x1153.jpg\" \/><\/h2>\n<h2>ESTADO RUTA NACIONALES<\/h2>\n<p><img decoding=\"async\" src=\"https:\/\/www.mendoza.gov.ar\/wp-content\/uploads\/sites\/5\/2024\/06\/PARTE-DE-TRANSITABILIDAD-26-06-24-1_page-0001-700x1153.jpg\" \/><\/p>\n","protected":false},"excerpt":{"rendered":"<p>La Ruta Provincial 222 se encuentra habilitada con precauci\u00f3n hasta Los Molles. Se solicita transitar con precauci\u00f3n en rutas de monta\u00f1a &#8230;<\/p>\n","protected":false},"author":7,"featured_media":136775,"comment_status":"open","ping_status":"open","sticky":false,"template":"","format":"standard","meta":{"footnotes":""},"categories":[1],"tags":[],"class_list":["post-136772","post","type-post","status-publish","format-standard","has-post-thumbnail","hentry","category-fmvinas"],"_links":{"self":[{"href":"https:\/\/vinasfm.com\/noticias\/wp-json\/wp\/v2\/posts\/136772","targetHints":{"allow":["GET"]}}],"collection":[{"href":"https:\/\/vinasfm.com\/noticias\/wp-json\/wp\/v2\/posts"}],"about":[{"href":"https:\/\/vinasfm.com\/noticias\/wp-json\/wp\/v2\/types\/post"}],"author":[{"embeddable":true,"href":"https:\/\/vinasfm.com\/noticias\/wp-json\/wp\/v2\/users\/7"}],"replies":[{"embeddable":true,"href":"https:\/\/vinasfm.com\/noticias\/wp-json\/wp\/v2\/comments?post=136772"}],"version-history":[{"count":1,"href":"https:\/\/vinasfm.com\/noticias\/wp-json\/wp\/v2\/posts\/136772\/revisions"}],"predecessor-version":[{"id":136776,"href":"https:\/\/vinasfm.com\/noticias\/wp-json\/wp\/v2\/posts\/136772\/revisions\/136776"}],"wp:featuredmedia":[{"embeddable":true,"href":"https:\/\/vinasfm.com\/noticias\/wp-json\/wp\/v2\/media\/136775"}],"wp:attachment":[{"href":"https:\/\/vinasfm.com\/noticias\/wp-json\/wp\/v2\/media?parent=136772"}],"wp:term":[{"taxonomy":"category","embeddable":true,"href":"https:\/\/vinasfm.com\/noticias\/wp-json\/wp\/v2\/categories?post=136772"},{"taxonomy":"post_tag","embeddable":true,"href":"https:\/\/vinasfm.com\/noticias\/wp-json\/wp\/v2\/tags?post=136772"}],"curies":[{"name":"wp","href":"https:\/\/api.w.org\/{rel}","templated":true}]}}