{"id":136752,"date":"2024-06-27T08:28:54","date_gmt":"2024-06-27T11:28:54","guid":{"rendered":"https:\/\/vinasfm.com\/noticias\/?p=136752"},"modified":"2024-06-27T11:01:47","modified_gmt":"2024-06-27T14:01:47","slug":"primer-foro-agroindustrial-pyme-casi-700-personas-de-la-provincia-y-la-region-asistieron-al-encuentro","status":"publish","type":"post","link":"https:\/\/vinasfm.com\/noticias\/primer-foro-agroindustrial-pyme-casi-700-personas-de-la-provincia-y-la-region-asistieron-al-encuentro\/","title":{"rendered":"PRIMER FORO AGROINDUSTRIAL PYME: CASI 700 PERSONAS DE LA PROVINCIA Y LA REGI\u00d3N ASISTIERON AL ENCUENTRO"},"content":{"rendered":"<h4>La cita fue en el Auditorio \u00c1ngel Bustelo, donde se convoc\u00f3 a empresarios y funcionarios de la provincia y la regi\u00f3n. El ministro Rodolfo Vargas Arizu anunci\u00f3 el lanzamiento de importantes l\u00edneas de cr\u00e9dito para continuar fortaleciendo al sector productivo.<\/h4>\n<p>Esta ma\u00f1ana se llev\u00f3 a cabo el 1er Foro Agroindustrial Pyme, coorganizado entre el Ministerio de Producci\u00f3n, el Instituto de Desarrollo Industrial, Tecnol\u00f3gico y de Servicios (IDITS), la Federaci\u00f3n Econ\u00f3mica de Mendoza (FEM) y la Confederaci\u00f3n Argentina de la Mediana Empresa (CAME)<\/p>\n<p>Durante la apertura, representantes de estas organizaciones compartieron sus discursos con un auditorio repleto. En este marco, el titular de la FEM, Santiago Laugero, hizo hincapi\u00e9 en que <em><strong>\u201cfortalecer la integraci\u00f3n de las cadenas de valor en la agroindustria ser\u00e1 lo que permitir\u00e1 mayor eficiencia, reducci\u00f3n de costos y mejoras en la competitividad en el sector\u201d.<\/strong><\/em><\/p>\n<p><strong><em>\u201cFomentar alianzas entre productores, procesadores y distribuidores permitir\u00e1 que todos los eslabones de la cadena trabajen en sinergia para ofrecer productos de m\u00e1s calidad, con mayor valor agregado, sustentables y competitivos\u201d<\/em><\/strong>, explic\u00f3. Y a\u00f1adi\u00f3: <em><strong>\u201cLa agroindustria de la regi\u00f3n sin dudas tiene un futuro prometedor. Integrados como bloque Cuyo vamos a potenciar nuestras producciones, porque es nuestra responsabilidad como empresarios, dirigentes gremiales, pol\u00edticos y ciudadanos trabajar juntos para construir un sector agroindustrial fuerte, sostenible y competitivo que beneficie a toda nuestra comunidad y que asegure el bienestar de las futuras generaciones\u201d.<\/strong><\/em><\/p>\n<p>Durante su discurso, Alfredo Gonz\u00e1lez, de la CAME, profundiz\u00f3 en la importancia del trabajo regional para el fortalecimiento del sector agroindustrial. Sostuvo: <em><strong>\u201cLa clave es trabajar en conjunto, el sector productivo, con sus c\u00e1maras y asociaciones representativas, y los distintos niveles de gobierno, para llevar adelante pol\u00edticas pr<span style=\"color: #000000;\">oductivas que logren el desarrollo regional del sector\u201d.<\/span><\/strong><\/em><\/p>\n<p><a href=\"https:\/\/vinasfm.com\/noticias\/wp-content\/uploads\/2024\/06\/IMG-20240627-WA0005.jpg\"><img loading=\"lazy\" decoding=\"async\" class=\"alignnone wp-image-136755\" src=\"https:\/\/vinasfm.com\/noticias\/wp-content\/uploads\/2024\/06\/IMG-20240627-WA0005.jpg\" alt=\"\" width=\"400\" height=\"267\" srcset=\"https:\/\/vinasfm.com\/noticias\/wp-content\/uploads\/2024\/06\/IMG-20240627-WA0005.jpg 700w, https:\/\/vinasfm.com\/noticias\/wp-content\/uploads\/2024\/06\/IMG-20240627-WA0005-300x200.jpg 300w\" sizes=\"auto, (max-width: 400px) 100vw, 400px\" \/><\/a> <a href=\"https:\/\/vinasfm.com\/noticias\/wp-content\/uploads\/2024\/06\/IMG-20240627-WA0004.jpg\"><img loading=\"lazy\" decoding=\"async\" class=\"alignnone wp-image-136754\" src=\"https:\/\/vinasfm.com\/noticias\/wp-content\/uploads\/2024\/06\/IMG-20240627-WA0004.jpg\" alt=\"\" width=\"400\" height=\"267\" srcset=\"https:\/\/vinasfm.com\/noticias\/wp-content\/uploads\/2024\/06\/IMG-20240627-WA0004.jpg 700w, https:\/\/vinasfm.com\/noticias\/wp-content\/uploads\/2024\/06\/IMG-20240627-WA0004-300x200.jpg 300w\" sizes=\"auto, (max-width: 400px) 100vw, 400px\" \/><\/a><\/p>\n<h6>Primer Foro Agroindustrial Pyme: Casi 700 personas de la provincia y la regi\u00f3n asistieron al encuentro.<\/h6>\n<h2><span style=\"color: #000000;\"><strong>Nuevas l\u00edneas de cr\u00e9dito para fortalecer el sector agroindustrial<\/strong><\/span><\/h2>\n<p><span style=\"color: #000000;\">A su turno, el ministro Rodolfo Vargas Arizu se aboc\u00f3 en su exposici\u00f3n a agradecer e instar al trabajo regional con San Luis y San Juan, para luego anunciar l\u00edneas de cr\u00e9dito para el fortalecimiento del sector agroindustrial de la provincia. <em><strong>\u201cDesde el Gobierno trabajamos en conjunto con los bancos, buscando financiamiento adecuado para el desarrollo productivo, industrial y para los nuevos desarrollos en la provincia. Adem\u00e1s, vamos a subsidiar la tasa de inter\u00e9s, lo que traer\u00e1 aparejado un movimiento en la econom\u00eda local\u201d<\/strong><\/em>, coment\u00f3.<\/span><\/p>\n<p><span style=\"color: #000000;\">En referencia a las l\u00edneas de financiamiento, se destaca la acordada con el Banco Naci\u00f3n de hasta $20.000 millones destinada a colocaci\u00f3n de malla antigranizo, eficiencia h\u00eddrica y\/o energ\u00e9tica y compra de activos fijos.<\/span><\/p>\n<p><span style=\"color: #000000;\">A trav\u00e9s del Fondo para la Transformaci\u00f3n y Crecimiento se asumir\u00e1 el pago de una bonificaci\u00f3n de 5 puntos porcentuales de la tasa de inter\u00e9s de los cr\u00e9ditos, para alcanzar una tasa nominal anual de 14%, para los primeros tres a\u00f1os del cr\u00e9dito.<\/span><\/p>\n<p><span style=\"color: #000000;\">Por otro lado, se anunciaron gestiones ante el Banco Ciudad, con un cupo propuesto de $10.000 millones, y se invitar\u00e1 a los bancos privados de plaza a participar en esta operatoria mediante un proceso de licitaci\u00f3n p\u00fablica en el cual las entidades ofertar\u00e1n tasa de inter\u00e9s por un cupo total de cr\u00e9ditos a bonificar de $10.000 millones.<\/span><\/p>\n<p><span style=\"color: #000000;\"><strong><em>\u201cAspiramos a inyectar en los pr\u00f3ximos meses financiamiento para todo el sector productivo de $40.000 millones, con tasas bonificadas, para lo cual el Gobierno provincial destinar\u00e1 unos $6.000 millones para pagar la baja porcentual de las mismas\u201d<\/em><\/strong>, puntualiz\u00f3 Vargas Arizu.<\/span><\/p>\n<p><span style=\"color: #000000;\">La iniciativa incluy\u00f3 un espacio de negocios coordinado por el Instituto de Desarrollo Industrial, Tecnol\u00f3gico y de Servicios. Al respecto, Alberto Marengo, subsecretario de Industria, Comercio y Log\u00edstica, remarc\u00f3: <strong><em>\u201cContamos con la participaci\u00f3n de siete grandes empresas tractoras: Quilmes, Arcor, Unilever, Ledesma, Molinos R\u00edo de la Plata, Marolio y Nestl\u00e9, grandes compradores nacionales de la agroindustria\u201d.<\/em><\/strong><\/span><\/p>\n<p><span style=\"color: #000000;\">Como contraparte, m\u00e1s de 170 empresas tuvieron la oportunidad de negociar de forma directa con estos compradores. Para ello se coordinaron encuentros de cuatro horas para dar la posibilidad de mostrar lo que la provincia tiene para ofrecer.<\/span><\/p>\n<p><span style=\"color: #000000;\"><strong><em>\u201cEstamos sumamente contentos por los resultados de esta iniciativa, que contempl\u00f3 un fuerte trabajo conjunto entre el sector p\u00fablico y el privado y esto se vio reflejado en la amplia convocatoria no solo de referentes vinculados al sector de nuestra provincia sino de toda la regi\u00f3n\u201d<\/em><\/strong>, cerr\u00f3 Marengo.<\/span><\/p>\n<p><span style=\"color: #000000;\">En la iniciativa participaron los intendentes Marcos Calvente, de Guaymall\u00e9n, y Alejandro Molero, de General Alvear. Ambos funcionarios destacaron el nivel de participaci\u00f3n y la amplitud de asistentes oriundos de distintos puntos de la provincia y el pa\u00eds.<\/span><\/p>\n<h2><span style=\"color: #000000;\"><strong>Importantes bloques tem\u00e1ticos<\/strong><\/span><\/h2>\n<p><span style=\"color: #000000;\">Tras las palabras de bienvenida de las autoridades de la cartera de Producci\u00f3n, FEM y CAME, se dio inicio a las actividades con el desarrollo de los tres bloques previstos para la primera parte de la jornada.<\/span><\/p>\n<p><span style=\"color: #000000;\">Los paneles, que estuvieron a cargo de destacados especialistas nacionales vinculados a la producci\u00f3n, la comercializaci\u00f3n y la generaci\u00f3n de empleo en la agroindustria, desarrollaron contenidos sobre tendencias mundiales en la producci\u00f3n de agroalimentos, panorama comercial de pymes agroindustriales y el desaf\u00edo de generar arraigo con trabajo genuino.<\/span><\/p>\n<p><span style=\"color: #000000;\">El primer panel cont\u00f3 con la moderaci\u00f3n del periodista Carlos Hern\u00e1ndez y con la participaci\u00f3n de Micaela Tommasini, jefa de Responsabilidad Social y Desarrollo Sustentable de la CAME. Es, a su vez, responsable de la certificaci\u00f3n Triple Impacto de esa entidad representativa a nivel nacional.<\/span><\/p>\n<p><span style=\"color: #000000;\">Tambi\u00e9n asistieron Daniel Bouille, director del Departamento de Ambiente de la Fundaci\u00f3n Bariloche; Leticia Kricak, jefa de Calidad Olivmu SA (San Juan), y Adri\u00e1n Mu\u00f1oz, gerente de la firma F\u00e9nix, ubicada en el Sur provincial.<\/span><\/p>\n<p><span style=\"color: #000000;\">El segundo espacio, Panorama comercial de las pymes agroindustriales, fue moderado por Cinthia Vargas, comunicadora social y periodista de\u00a0<em>Radio Mitre\u00a0<\/em>Mendoza. En ese momento de la jornada se debati\u00f3 sobre estrategias para impulsar el futuro de la agroindustria en el Nuevo Cuyo.<\/span><\/p>\n<p><span style=\"color: #000000;\">De este segmento fueron parte Claudio Montiel, coordinador del Departamento de Estad\u00edsticas, Informes y Bases de Datos de la CAME; Alfredo Cecchi, presidente de la Federaci\u00f3n Argentina de Parques Industriales (FAPI); Federico Alonso, de la firma Aceites del Valle SA (Catamarca); Franco Totero, de Surt\u00e9cnica, y Juan Domingo Bravo, presidente de Frutos del Sol SA (San Juan).<\/span><\/p>\n<p><span style=\"color: #000000;\">Por \u00faltimo, el tercer y \u00faltimo bloque permiti\u00f3 desarrollar conceptos sobre oportunidades de empleo genuino en las comunidades rurales, fomentando el arraigo y fortaleciendo el tejido social y econ\u00f3mico.<\/span><\/p>\n<p><span style=\"color: #000000;\">Fue Diana Chiani, comunicadora y periodista especializada en econom\u00eda y correcci\u00f3n de textos, quien estuvo a cargo de moderar el espacio donde participaron Oscar Flores, gerente general de La Riojana Cooperativa Vitivinifrut\u00edcola de La Rioja Limitada, y Debora Dorensztein, directora ejecutiva de Red Alimentaria.<\/span><\/p>\n","protected":false},"excerpt":{"rendered":"<p>La cita fue en el Auditorio \u00c1ngel Bustelo, donde se convoc\u00f3 a empresarios y funcionarios de la provincia y la regi\u00f3n. &#8230;<\/p>\n","protected":false},"author":7,"featured_media":136756,"comment_status":"open","ping_status":"open","sticky":false,"template":"","format":"standard","meta":{"footnotes":""},"categories":[5,14],"tags":[],"class_list":["post-136752","post","type-post","status-publish","format-standard","has-post-thumbnail","hentry","category-actualidad","category-agro"],"_links":{"self":[{"href":"https:\/\/vinasfm.com\/noticias\/wp-json\/wp\/v2\/posts\/136752","targetHints":{"allow":["GET"]}}],"collection":[{"href":"https:\/\/vinasfm.com\/noticias\/wp-json\/wp\/v2\/posts"}],"about":[{"href":"https:\/\/vinasfm.com\/noticias\/wp-json\/wp\/v2\/types\/post"}],"author":[{"embeddable":true,"href":"https:\/\/vinasfm.com\/noticias\/wp-json\/wp\/v2\/users\/7"}],"replies":[{"embeddable":true,"href":"https:\/\/vinasfm.com\/noticias\/wp-json\/wp\/v2\/comments?post=136752"}],"version-history":[{"count":1,"href":"https:\/\/vinasfm.com\/noticias\/wp-json\/wp\/v2\/posts\/136752\/revisions"}],"predecessor-version":[{"id":136757,"href":"https:\/\/vinasfm.com\/noticias\/wp-json\/wp\/v2\/posts\/136752\/revisions\/136757"}],"wp:featuredmedia":[{"embeddable":true,"href":"https:\/\/vinasfm.com\/noticias\/wp-json\/wp\/v2\/media\/136756"}],"wp:attachment":[{"href":"https:\/\/vinasfm.com\/noticias\/wp-json\/wp\/v2\/media?parent=136752"}],"wp:term":[{"taxonomy":"category","embeddable":true,"href":"https:\/\/vinasfm.com\/noticias\/wp-json\/wp\/v2\/categories?post=136752"},{"taxonomy":"post_tag","embeddable":true,"href":"https:\/\/vinasfm.com\/noticias\/wp-json\/wp\/v2\/tags?post=136752"}],"curies":[{"name":"wp","href":"https:\/\/api.w.org\/{rel}","templated":true}]}}