{"id":136707,"date":"2024-06-26T10:04:55","date_gmt":"2024-06-26T13:04:55","guid":{"rendered":"https:\/\/vinasfm.com\/noticias\/?p=136707"},"modified":"2024-06-26T21:55:54","modified_gmt":"2024-06-27T00:55:54","slug":"hace-18-anos-que-no-se-acumulaba-tanta-nieve-en-las-cuencas-del-sur-mendocino","status":"publish","type":"post","link":"https:\/\/vinasfm.com\/noticias\/hace-18-anos-que-no-se-acumulaba-tanta-nieve-en-las-cuencas-del-sur-mendocino\/","title":{"rendered":"HACE 18 A\u00d1OS QUE NO SE ACUMULABA TANTA NIEVE EN LAS CUENCAS DEL SUR MENDOCINO"},"content":{"rendered":"<div class=\"x11i5rnm xat24cr x1mh8g0r x1vvkbs xtlvy1s x126k92a\">\n<h4 dir=\"auto\"><span style=\"color: #000000;\">Seg\u00fan los reportes del Departamento General de Irrigaci\u00f3n hace casi dos d\u00e9cadas que no hay tanta nieve en las nacientes del Atuel y el Diamante.<\/span><\/h4>\n<\/div>\n<div class=\"x11i5rnm xat24cr x1mh8g0r x1vvkbs xtlvy1s x126k92a\">\n<div dir=\"auto\"><span style=\"color: #000000;\">En Laguna del Atuel la nieve tiene una altura promedio de 2,38 metros, cifra m\u00e1s alta desde el 2005 a la fecha, con temperaturas promedio de 10,7 grados bajo cero.<\/span><\/div>\n<\/div>\n<div class=\"x11i5rnm xat24cr x1mh8g0r x1vvkbs xtlvy1s x126k92a\">\n<div dir=\"auto\"><\/div>\n<div dir=\"auto\"><span style=\"color: #000000;\">En la zona de Laguna del Diamante la altura promedio de le nieve llega a 1,11 metros, la m\u00e1s importante de los \u00faltimos 16 a\u00f1os. Desde 2008 no se registraba tanta acumulaci\u00f3n para la fecha en cuesti\u00f3n, con temperaturas que alcanzan los 9,8 grados bajo cero.<\/span><\/div>\n<\/div>\n<div dir=\"auto\"><\/div>\n<h6 dir=\"auto\">San Rafael al Toque<\/h6>\n","protected":false},"excerpt":{"rendered":"<p>Seg\u00fan los reportes del Departamento General de Irrigaci\u00f3n hace casi dos d\u00e9cadas que no hay tanta nieve en las nacientes del &#8230;<\/p>\n","protected":false},"author":7,"featured_media":136709,"comment_status":"open","ping_status":"open","sticky":false,"template":"","format":"standard","meta":{"footnotes":""},"categories":[5,10],"tags":[],"class_list":["post-136707","post","type-post","status-publish","format-standard","has-post-thumbnail","hentry","category-actualidad","category-destacadas"],"_links":{"self":[{"href":"https:\/\/vinasfm.com\/noticias\/wp-json\/wp\/v2\/posts\/136707","targetHints":{"allow":["GET"]}}],"collection":[{"href":"https:\/\/vinasfm.com\/noticias\/wp-json\/wp\/v2\/posts"}],"about":[{"href":"https:\/\/vinasfm.com\/noticias\/wp-json\/wp\/v2\/types\/post"}],"author":[{"embeddable":true,"href":"https:\/\/vinasfm.com\/noticias\/wp-json\/wp\/v2\/users\/7"}],"replies":[{"embeddable":true,"href":"https:\/\/vinasfm.com\/noticias\/wp-json\/wp\/v2\/comments?post=136707"}],"version-history":[{"count":2,"href":"https:\/\/vinasfm.com\/noticias\/wp-json\/wp\/v2\/posts\/136707\/revisions"}],"predecessor-version":[{"id":136710,"href":"https:\/\/vinasfm.com\/noticias\/wp-json\/wp\/v2\/posts\/136707\/revisions\/136710"}],"wp:featuredmedia":[{"embeddable":true,"href":"https:\/\/vinasfm.com\/noticias\/wp-json\/wp\/v2\/media\/136709"}],"wp:attachment":[{"href":"https:\/\/vinasfm.com\/noticias\/wp-json\/wp\/v2\/media?parent=136707"}],"wp:term":[{"taxonomy":"category","embeddable":true,"href":"https:\/\/vinasfm.com\/noticias\/wp-json\/wp\/v2\/categories?post=136707"},{"taxonomy":"post_tag","embeddable":true,"href":"https:\/\/vinasfm.com\/noticias\/wp-json\/wp\/v2\/tags?post=136707"}],"curies":[{"name":"wp","href":"https:\/\/api.w.org\/{rel}","templated":true}]}}