{"id":136647,"date":"2024-06-24T19:11:52","date_gmt":"2024-06-24T22:11:52","guid":{"rendered":"https:\/\/vinasfm.com\/noticias\/?p=136647"},"modified":"2024-06-26T09:59:01","modified_gmt":"2024-06-26T12:59:01","slug":"alvear-albergara-el-primer-encuentro-regional-de-agrecologia","status":"publish","type":"post","link":"https:\/\/vinasfm.com\/noticias\/alvear-albergara-el-primer-encuentro-regional-de-agrecologia\/","title":{"rendered":"ALVEAR ALBERGAR\u00c1 EL PRIMER ENCUENTRO REGIONAL DE AGROECOLOG\u00cdA"},"content":{"rendered":"<h4>El pr\u00f3ximo viernes 28 y s\u00e1bado 29 de junio se realizar\u00e1 el primer Encuentro Regional de Agroecolog\u00eda destinado a productores, t\u00e9cnicos de INTA, SENASA, ISCAMEN, funcionarios, instituciones, docentes y alumnos de escuelas agrot\u00e9cnicas.<\/h4>\n<p>La capacitaci\u00f3n consiste en dos partes: el viernes de 10:00 horas a 13:00 horas y luego a las 18:00 horas en el sal\u00f3n del Concejo Deliberante se realizar\u00e1 charlas t\u00e9cnicas sobre c\u00f3mo aplicar la agroecolog\u00eda a escala local, las herramientas de gesti\u00f3n para la promoci\u00f3n y desarrollo de la agroecolog\u00eda en una regi\u00f3n.<\/p>\n<p>Tambi\u00e9n se tratar\u00e1 sobre nuevos canales de comercializaci\u00f3n para la producci\u00f3n agroecol\u00f3gica; estad\u00edsticas; ventajas y desventajas del sistema convencional y el agroecol\u00f3gico.<\/p>\n<p>Mientras que el s\u00e1bado 29 de junio a partir de las 9:30 horas en la finca <em>El Lauren<\/em> en el distrito sanrafaelino de Real del Padre, se trabajar\u00e1 en una charla taller donde se realizar\u00e1 intercambio de experiencias, recorrida por la finca, principios de la producci\u00f3n agroecol\u00f3gica; paso a paso de la iniciaci\u00f3n para la transici\u00f3n en superficies grandes; elaboraci\u00f3n de bioinsumos.<\/p>\n<p>Denis Rabanal, asesor de Gesti\u00f3n Ambiental manifest\u00f3 <em><strong>\u201cel viernes en la charla debate se va a tratar la tem\u00e1tica respecto a c\u00f3mo y por qu\u00e9 implementar la agroecolog\u00eda en los municipios, por eso tiene este enfoque tambi\u00e9n regional, hemos invitado a funcionarios y personal t\u00e9cnico de Malarg\u00fce y San Rafael y hacemos extensiva la invitaci\u00f3n a todos los t\u00e9cnicos e ingenieros agr\u00f3nomos del departamento\u201d.<\/strong><\/em><\/p>\n<p>\u201c<em><strong>En cambio la charla taller del viernes desde la Asesor\u00eda de Gesti\u00f3n Ambiental, pensamos y sostenemos que para que haya un desarrollo de la agroecolog\u00eda, tiene que ser con trabajo pol\u00edtico, por eso es que se da este enfoque t\u00e9cnico pol\u00edtico\u201d, <\/strong><\/em>enfatiz\u00f3 el asesor.<\/p>\n<p>Julia Delgado de Red Verde dijo<strong><em> \u201cEs fundamental poder pensar en agroecolog\u00eda, poner en discusi\u00f3n el modelo de producci\u00f3n de alimentos en nuestra localidad, sobre todo con la posibilidad de contar con un especialista como Javier Souza Casad\u00ednho, que es un ingeniero agr\u00f3nomo de la UBA que tiene much\u00edsima experiencia en agroecolog\u00eda, en difusi\u00f3n, en divulgaci\u00f3n de las problem\u00e1ticas de los agroqu\u00edmicos, de los agrot\u00f3xicos y en proponer modelos alternativos de producci\u00f3n\u201d.<\/em><\/strong><\/p>\n<p><em><strong>\u201cInvitamos para el s\u00e1bado a los talleres a todos los productores de General Alvear y zonas alrededor a que participen, se intercambiar\u00e1n experiencias, hablaremos del uso indiscriminado de agrot\u00f3xicos, los costos, la rentabilidad a mediano y largo plazo, etc\u201d, <\/strong><\/em>explic\u00f3 Delgado.<\/p>\n","protected":false},"excerpt":{"rendered":"<p>El pr\u00f3ximo viernes 28 y s\u00e1bado 29 de junio se realizar\u00e1 el primer Encuentro Regional de Agroecolog\u00eda destinado a productores, t\u00e9cnicos &#8230;<\/p>\n","protected":false},"author":7,"featured_media":136649,"comment_status":"open","ping_status":"open","sticky":false,"template":"","format":"standard","meta":{"footnotes":""},"categories":[5,10],"tags":[],"class_list":["post-136647","post","type-post","status-publish","format-standard","has-post-thumbnail","hentry","category-actualidad","category-destacadas"],"_links":{"self":[{"href":"https:\/\/vinasfm.com\/noticias\/wp-json\/wp\/v2\/posts\/136647","targetHints":{"allow":["GET"]}}],"collection":[{"href":"https:\/\/vinasfm.com\/noticias\/wp-json\/wp\/v2\/posts"}],"about":[{"href":"https:\/\/vinasfm.com\/noticias\/wp-json\/wp\/v2\/types\/post"}],"author":[{"embeddable":true,"href":"https:\/\/vinasfm.com\/noticias\/wp-json\/wp\/v2\/users\/7"}],"replies":[{"embeddable":true,"href":"https:\/\/vinasfm.com\/noticias\/wp-json\/wp\/v2\/comments?post=136647"}],"version-history":[{"count":2,"href":"https:\/\/vinasfm.com\/noticias\/wp-json\/wp\/v2\/posts\/136647\/revisions"}],"predecessor-version":[{"id":136664,"href":"https:\/\/vinasfm.com\/noticias\/wp-json\/wp\/v2\/posts\/136647\/revisions\/136664"}],"wp:featuredmedia":[{"embeddable":true,"href":"https:\/\/vinasfm.com\/noticias\/wp-json\/wp\/v2\/media\/136649"}],"wp:attachment":[{"href":"https:\/\/vinasfm.com\/noticias\/wp-json\/wp\/v2\/media?parent=136647"}],"wp:term":[{"taxonomy":"category","embeddable":true,"href":"https:\/\/vinasfm.com\/noticias\/wp-json\/wp\/v2\/categories?post=136647"},{"taxonomy":"post_tag","embeddable":true,"href":"https:\/\/vinasfm.com\/noticias\/wp-json\/wp\/v2\/tags?post=136647"}],"curies":[{"name":"wp","href":"https:\/\/api.w.org\/{rel}","templated":true}]}}