{"id":136628,"date":"2024-06-24T10:22:04","date_gmt":"2024-06-24T13:22:04","guid":{"rendered":"https:\/\/vinasfm.com\/noticias\/?p=136628"},"modified":"2024-06-25T09:53:03","modified_gmt":"2024-06-25T12:53:03","slug":"un-camionero-fue-aprehendido-por-tenencia-ilegal-de-arma-de-fuego","status":"publish","type":"post","link":"https:\/\/vinasfm.com\/noticias\/un-camionero-fue-aprehendido-por-tenencia-ilegal-de-arma-de-fuego\/","title":{"rendered":"UN CAMIONERO FUE APREHENDIDO POR TENENCIA ILEGAL DE ARMA DE FUEGO"},"content":{"rendered":"<h4>La detenci\u00f3n ocurri\u00f3 el d\u00eda domingo, cerca de las 21:30 horas, en inmediaciones de calles O y 7.<\/h4>\n<p>Fue durante un control de rutina que realizaba personal policial en la zona que, tras proceder a la requisa de un cami\u00f3n, <strong>se dio con un arma de fuego -escopeta calibre 16-<\/strong>. La misma fue <strong>secuestrada y el masculino que conduc\u00eda el rodado fue aprendido<\/strong> y trasladado a la Comisar\u00eda 14.<\/p>\n","protected":false},"excerpt":{"rendered":"<p>La detenci\u00f3n ocurri\u00f3 el d\u00eda domingo, cerca de las 21:30 horas, en inmediaciones de calles O y 7. Fue durante un &#8230;<\/p>\n","protected":false},"author":7,"featured_media":101629,"comment_status":"open","ping_status":"open","sticky":false,"template":"","format":"standard","meta":{"footnotes":""},"categories":[5,4],"tags":[],"class_list":["post-136628","post","type-post","status-publish","format-standard","has-post-thumbnail","hentry","category-actualidad","category-policiales"],"_links":{"self":[{"href":"https:\/\/vinasfm.com\/noticias\/wp-json\/wp\/v2\/posts\/136628","targetHints":{"allow":["GET"]}}],"collection":[{"href":"https:\/\/vinasfm.com\/noticias\/wp-json\/wp\/v2\/posts"}],"about":[{"href":"https:\/\/vinasfm.com\/noticias\/wp-json\/wp\/v2\/types\/post"}],"author":[{"embeddable":true,"href":"https:\/\/vinasfm.com\/noticias\/wp-json\/wp\/v2\/users\/7"}],"replies":[{"embeddable":true,"href":"https:\/\/vinasfm.com\/noticias\/wp-json\/wp\/v2\/comments?post=136628"}],"version-history":[{"count":2,"href":"https:\/\/vinasfm.com\/noticias\/wp-json\/wp\/v2\/posts\/136628\/revisions"}],"predecessor-version":[{"id":136637,"href":"https:\/\/vinasfm.com\/noticias\/wp-json\/wp\/v2\/posts\/136628\/revisions\/136637"}],"wp:featuredmedia":[{"embeddable":true,"href":"https:\/\/vinasfm.com\/noticias\/wp-json\/wp\/v2\/media\/101629"}],"wp:attachment":[{"href":"https:\/\/vinasfm.com\/noticias\/wp-json\/wp\/v2\/media?parent=136628"}],"wp:term":[{"taxonomy":"category","embeddable":true,"href":"https:\/\/vinasfm.com\/noticias\/wp-json\/wp\/v2\/categories?post=136628"},{"taxonomy":"post_tag","embeddable":true,"href":"https:\/\/vinasfm.com\/noticias\/wp-json\/wp\/v2\/tags?post=136628"}],"curies":[{"name":"wp","href":"https:\/\/api.w.org\/{rel}","templated":true}]}}