{"id":136580,"date":"2024-06-21T11:43:17","date_gmt":"2024-06-21T14:43:17","guid":{"rendered":"https:\/\/vinasfm.com\/noticias\/?p=136580"},"modified":"2024-06-24T08:40:24","modified_gmt":"2024-06-24T11:40:24","slug":"record-de-participantes-en-la-prueba-atletica-por-el-dia-de-la-bandera","status":"publish","type":"post","link":"https:\/\/vinasfm.com\/noticias\/record-de-participantes-en-la-prueba-atletica-por-el-dia-de-la-bandera\/","title":{"rendered":"R\u00c9CORD DE PARTICIPANTES EN LA PRUEBA ATL\u00c9TICA POR EL D\u00cdA DE LA BANDERA"},"content":{"rendered":"<h4><strong>En Alvear Oeste se llev\u00f3 a cabo la prueba atl\u00e9tica con motivo del D\u00eda de la Bandera, la cual atrajo a un r\u00e9cord de participantes con m\u00e1s de 300 inscriptos. Competidores de toda la provincia se hicieron presentes para correr distancias de 5 y 10 kil\u00f3metros por las calles del mencionado distrito, demostrando su pasi\u00f3n por el atletismo.<\/strong><\/h4>\n<p>Esta competencia marc\u00f3 la primera fecha del campeonato alvearense de atletismo, promoviendo el deporte y la sana competencia entre los residentes y visitantes.<\/p>\n<p>El Director de Deportes Alberto G\u00f3mez dijo estar muy contento con la cantidad de participantes en la carrera, que super\u00f3 sus expectativas.<\/p>\n<p><em><strong>\u201cEn un principio hab\u00edamos hablado de 150 corredores, nos encontramos con 320 atletas, m\u00e1s 47 ni\u00f1os. As\u00ed que muy conforme, este n\u00famero no lo esper\u00e1bamos y nos ha tra\u00eddo algunos problemas lindos, dir\u00eda yo. Tuvimos que reformular varias cuestiones sobre la marcha, pero la prueba se desarroll\u00f3 como esper\u00e1bamos, en forma ordenada y la verdad que muy conforme, muy contento por la cantidad de participantes que hemos tenido\u201d<\/strong><\/em>; declar\u00f3.<\/p>\n<p>El ganador de los 10 kil\u00f3metros en varones fue Ignacio S\u00e1nchez con tiempo de 31&#8217;51 y se sinti\u00f3 satisfecho con el circuito y la competencia. Entrena con Denis \u00c1lvarez y se prepara para competir en San Juan.<\/p>\n<p>El joven de 22 a\u00f1os, oriundo de San Rafael, dijo que fue una carrera muy dura y qued\u00f3 conforme con su tiempo personal, <em><strong>\u201cconforme con el tiempo, quer\u00eda hacer un poco menos, pero bueno, las condiciones dieron que corra en ese tiempo, m\u00e1s o menos a 3&#8217;9 medio el kil\u00f3metro, pero bien, contento. Una carrera atractiva, el circuito muy lindo y bastante gente la verdad\u201d<\/strong><\/em>, culmin\u00f3.<\/p>\n<p>Ail\u00edn Funes lleg\u00f3 de San Carlos para participar en la prueba y gan\u00f3 entre las mujeres. La integrante del equipo llamado Dientes de Running Team se mostr\u00f3 contenta con su desempe\u00f1o y tiempo, y destac\u00f3 la importancia de organizar carreras locales con mucha participaci\u00f3n.<\/p>\n<p><em><strong>\u201cContentos, contentos de poder estar. De poder estar en carreras como esta, que sabemos que es la primera vez que convoca tanta gente. Las chicas me contaron, soy de un pueblo y s\u00e9 lo que cuesta por ah\u00ed organizar y sostener una carrera local. Y que venga mucha gente es gratificante. Es un golazo y creo que ya el a\u00f1o que viene pueden pensar en ampliarla a\u00fan m\u00e1s\u201d<\/strong><\/em>, culmin\u00f3.<\/p>\n","protected":false},"excerpt":{"rendered":"<p>En Alvear Oeste se llev\u00f3 a cabo la prueba atl\u00e9tica con motivo del D\u00eda de la Bandera, la cual atrajo a &#8230;<\/p>\n","protected":false},"author":7,"featured_media":136583,"comment_status":"open","ping_status":"open","sticky":false,"template":"","format":"standard","meta":{"footnotes":""},"categories":[5,3],"tags":[],"class_list":["post-136580","post","type-post","status-publish","format-standard","has-post-thumbnail","hentry","category-actualidad","category-deportes"],"_links":{"self":[{"href":"https:\/\/vinasfm.com\/noticias\/wp-json\/wp\/v2\/posts\/136580","targetHints":{"allow":["GET"]}}],"collection":[{"href":"https:\/\/vinasfm.com\/noticias\/wp-json\/wp\/v2\/posts"}],"about":[{"href":"https:\/\/vinasfm.com\/noticias\/wp-json\/wp\/v2\/types\/post"}],"author":[{"embeddable":true,"href":"https:\/\/vinasfm.com\/noticias\/wp-json\/wp\/v2\/users\/7"}],"replies":[{"embeddable":true,"href":"https:\/\/vinasfm.com\/noticias\/wp-json\/wp\/v2\/comments?post=136580"}],"version-history":[{"count":2,"href":"https:\/\/vinasfm.com\/noticias\/wp-json\/wp\/v2\/posts\/136580\/revisions"}],"predecessor-version":[{"id":136585,"href":"https:\/\/vinasfm.com\/noticias\/wp-json\/wp\/v2\/posts\/136580\/revisions\/136585"}],"wp:featuredmedia":[{"embeddable":true,"href":"https:\/\/vinasfm.com\/noticias\/wp-json\/wp\/v2\/media\/136583"}],"wp:attachment":[{"href":"https:\/\/vinasfm.com\/noticias\/wp-json\/wp\/v2\/media?parent=136580"}],"wp:term":[{"taxonomy":"category","embeddable":true,"href":"https:\/\/vinasfm.com\/noticias\/wp-json\/wp\/v2\/categories?post=136580"},{"taxonomy":"post_tag","embeddable":true,"href":"https:\/\/vinasfm.com\/noticias\/wp-json\/wp\/v2\/tags?post=136580"}],"curies":[{"name":"wp","href":"https:\/\/api.w.org\/{rel}","templated":true}]}}