{"id":136578,"date":"2024-06-21T10:33:28","date_gmt":"2024-06-21T13:33:28","guid":{"rendered":"https:\/\/vinasfm.com\/noticias\/?p=136578"},"modified":"2024-06-24T08:20:02","modified_gmt":"2024-06-24T11:20:02","slug":"la-nieve-acumulada-podria-superar-los-registros-de-2023","status":"publish","type":"post","link":"https:\/\/vinasfm.com\/noticias\/la-nieve-acumulada-podria-superar-los-registros-de-2023\/","title":{"rendered":"LA NIEVE ACUMULADA PODR\u00cdA SUPERAR LOS REGISTROS DE 2023"},"content":{"rendered":"<h4><strong>En un evento meteorol\u00f3gico sin precedentes, la provincia de\u00a0Mendoza\u00a0est\u00e1 experimentando una de las\u00a0mayores acumulaciones de nieve\u00a0en a\u00f1os. Hasta la fecha, las nevadas han continuado\u00a0ininterrumpidamente durante nueve d\u00edas, alcanzando casi dos metros de\u00a0acumulaci\u00f3n n\u00edvea en distintos sectores de la provincia.\u00a0Y las previsiones meteorol\u00f3gicas indican que las nevadas podr\u00edan extenderse por ocho d\u00edas m\u00e1s.<\/strong><\/h4>\n<p>Las zonas m\u00e1s afectadas por estas intensas nevadas son Alta Monta\u00f1a y el Sur provincial. Estas regiones corren riesgo de avalanchas y se ha interrumpido la transitabilidad de las rutas.<\/p>\n<p>La variabilidad en las nevadas de Mendoza es notable. Mientras que en a\u00f1os como 2010 la acumulaci\u00f3n n\u00edvea apenas alcanz\u00f3 los 45 cent\u00edmetros, en 2023 se registraron acumulaciones hist\u00f3ricas de hasta 5 metros en \u00e1reas como Las Cuevas. Este a\u00f1o, la provincia est\u00e1 experimentando una de las precipitaciones m\u00e1s largas y persistentes, lo que ha resultado en la excepcional acumulaci\u00f3n de nieve y que podr\u00eda superar esos n\u00fameros ya que reci\u00e9n estamos ingresando a invierno.<\/p>\n<p>Diversos factores meteorol\u00f3gicos influyen en la intensidad de las nevadas. Fen\u00f3menos como\u00a0<i>El Ni\u00f1o<\/i>\u00a0y<i>\u00a0La Ni\u00f1a\u00a0<\/i>juegan un papel crucial, alterando los patrones clim\u00e1ticos globales y afectando directamente las condiciones locales. Adem\u00e1s, el calentamiento global tambi\u00e9n es un factor determinante, modificando las din\u00e1micas clim\u00e1ticas y, en consecuencia, las precipitaciones n\u00edveas.<\/p>\n<p>El superintendente general de Irrigaci\u00f3n,\u00a0<b>Sergio Marinelli<\/b>, coment\u00f3 al<b>\u00a0<i><a href=\"https:\/\/www.mendozapost.com\/\" target=\"_blank\" rel=\"noopener\">Post<\/a><\/i>\u00a0<\/b>que ya hay<b>\u00a0<\/b>m\u00e1s nieve de lo que se acumul\u00f3 en los a\u00f1os anteriores. Adem\u00e1s aclar\u00f3 que se est\u00e1 trabajando en un informe para determinar como beneficiar\u00e1 a la irrigaci\u00f3n de Mendoza.<\/p>\n<p class=\"bullletsmall\">Avalanchas en Los Molles y Las Le\u00f1as<\/p>\n<p>Las autoridades de Vialidad de Mendoza y Defensa Civil tuvieron que cerrar la<a href=\"https:\/\/www.mendozapost.com\/tools\/redirect.php?t=3&amp;i=337573&amp;s=1f8386da08764250e9d2901222d98d14\" target=\"_blank\" rel=\"noopener\">\u00a0Ruta Provincial 222<\/a>\u00a0(RP 222) tras el peligro de avalanchas por la cantidad de nieve acumulada.<\/p>\n<p><b>Tras esto, varias avalanchas cayeron en la RP 222<\/b>\u00a0en el tramo de la Laguna de la Ni\u00f1a Encantada. La acumulaci\u00f3n all\u00ed fue de\u00a0<b>m\u00e1s de 2 metros de nieve en la base entre Los Molles y Las Le\u00f1as<\/b>. La Ruta Provincial 226 al complejo El Azufre en Malarg\u00fce, con 3 metros de nieve en su base, y la Ruta Provincial 220 en El Sosneado, San Rafael, tambi\u00e9n permanecieron cerradas.<\/p>\n<p>Los pron\u00f3sticos meteorol\u00f3gicos anticipan una tormenta de alto impacto que durar\u00e1 varios d\u00edas y que traer\u00e1 a\u00fan m\u00e1s nieve. Debido a estas condiciones, est\u00e1\u00a0<b>totalmente prohibido ingresar a la Ruta Provincial 222.<\/b><\/p>\n<p class=\"bullletsmall\">Pron\u00f3stico para el fin de semana<\/p>\n<table border=\"0.5\" width=\"100%\">\n<tbody>\n<tr class=\"tableheader\">\n<td valign=\"top\" width=\"21%\">\n<p align=\"center\"><b>VIERNES<\/b><\/p>\n<\/td>\n<td width=\"61%\">PARCIALMENTE NUBLADO CON ASCENSO DE LA TEMPERATURA, VIENTOS MODERADOS DEL SECTOR SUR. PRECIPITACIONES AISLADAS HACIA LA NOCHE. NEVADAS INTENSAS EN CORDILLERA.M\u00c1XIMA: 16\u00baC M\u00cdNIMA: 3\u00baC.<\/td>\n<\/tr>\n<\/tbody>\n<\/table>\n<table border=\"0.5\" width=\"100%\">\n<tbody>\n<tr class=\"tableheader\">\n<td valign=\"bottom\" width=\"21%\">\n<p align=\"center\"><b>S\u00c1BADO<\/b><\/p>\n<\/td>\n<td width=\"61%\">PARCIALMENTE NUBLADO CON POCO CAMBIO DE LA TEMPERATURA, VIENTOS MODERADOS DEL SUDESTE. PRECIPITACIONES AISLADAS. NEVADAS INTENSAS EN CORDILLERA.M\u00c1XIMA: 15\u00baC\u00a0 M\u00cdNIMA: 4\u00baC.<\/td>\n<\/tr>\n<\/tbody>\n<\/table>\n<table border=\"0.5\" width=\"100%\">\n<tbody>\n<tr class=\"tableheader\">\n<td valign=\"bottom\" width=\"21%\">\n<p align=\"center\"><b>DOMINGO<\/b><\/p>\n<\/td>\n<td width=\"61%\">PARCIALMENTE NUBLADO Y FR\u00cdO, VIENTOS MODERADOS DEL SUDESTE. PRECIPITACIONES AISLADAS. INESTABLE EN CORDILLERA.M\u00c1XIMA: 11\u00baC\u00a0 M\u00cdNIMA: 3\u00baC.<\/td>\n<\/tr>\n<\/tbody>\n<\/table>\n","protected":false},"excerpt":{"rendered":"<p>En un evento meteorol\u00f3gico sin precedentes, la provincia de\u00a0Mendoza\u00a0est\u00e1 experimentando una de las\u00a0mayores acumulaciones de nieve\u00a0en a\u00f1os. Hasta la fecha, las &#8230;<\/p>\n","protected":false},"author":7,"featured_media":96392,"comment_status":"open","ping_status":"open","sticky":false,"template":"","format":"standard","meta":{"footnotes":""},"categories":[5,17],"tags":[],"class_list":["post-136578","post","type-post","status-publish","format-standard","has-post-thumbnail","hentry","category-actualidad","category-clima"],"_links":{"self":[{"href":"https:\/\/vinasfm.com\/noticias\/wp-json\/wp\/v2\/posts\/136578","targetHints":{"allow":["GET"]}}],"collection":[{"href":"https:\/\/vinasfm.com\/noticias\/wp-json\/wp\/v2\/posts"}],"about":[{"href":"https:\/\/vinasfm.com\/noticias\/wp-json\/wp\/v2\/types\/post"}],"author":[{"embeddable":true,"href":"https:\/\/vinasfm.com\/noticias\/wp-json\/wp\/v2\/users\/7"}],"replies":[{"embeddable":true,"href":"https:\/\/vinasfm.com\/noticias\/wp-json\/wp\/v2\/comments?post=136578"}],"version-history":[{"count":1,"href":"https:\/\/vinasfm.com\/noticias\/wp-json\/wp\/v2\/posts\/136578\/revisions"}],"predecessor-version":[{"id":136579,"href":"https:\/\/vinasfm.com\/noticias\/wp-json\/wp\/v2\/posts\/136578\/revisions\/136579"}],"wp:featuredmedia":[{"embeddable":true,"href":"https:\/\/vinasfm.com\/noticias\/wp-json\/wp\/v2\/media\/96392"}],"wp:attachment":[{"href":"https:\/\/vinasfm.com\/noticias\/wp-json\/wp\/v2\/media?parent=136578"}],"wp:term":[{"taxonomy":"category","embeddable":true,"href":"https:\/\/vinasfm.com\/noticias\/wp-json\/wp\/v2\/categories?post=136578"},{"taxonomy":"post_tag","embeddable":true,"href":"https:\/\/vinasfm.com\/noticias\/wp-json\/wp\/v2\/tags?post=136578"}],"curies":[{"name":"wp","href":"https:\/\/api.w.org\/{rel}","templated":true}]}}